{"id":38275,"date":"2023-03-14T19:09:23","date_gmt":"2023-03-14T19:09:23","guid":{"rendered":"http:\/\/fmdelpueblo.ar\/?p=38275"},"modified":"2023-03-14T19:09:23","modified_gmt":"2023-03-14T19:09:23","slug":"la-aerolinea-latam-airlines-planea-volver-a-mercado-de-capitales-tras-quiebra","status":"publish","type":"post","link":"http:\/\/fmdelpueblo.ar\/?p=38275","title":{"rendered":"La aerol\u00ednea Latam Airlines planea volver a mercado de capitales tras quiebra"},"content":{"rendered":"<\/p>\n<p>La mayor aerol\u00ednea de Am\u00e9rica Latina planea volver a los mercados de capitales de EEUU tras eliminar casi US$4.000 millones en deuda durante una reestructuraci\u00f3n que se extendi\u00f3 por varios a\u00f1os. <a href=\"https:\/\/www.perfil.com\/noticias\/bloomberg\/bc-latam-airlines-planea-volver-a-mercado-de-capitales-tras-quiebra.phtml\">Leer m\u00e1s<\/a><\/p>\n","protected":false},"excerpt":{"rendered":"<p>La mayor aerol\u00ednea de Am\u00e9rica Latina planea volver a los mercados de capitales de EEUU tras eliminar casi US$4.000 millones en deuda durante una reestructuraci\u00f3n que se extendi\u00f3 por varios a\u00f1os. Leer m\u00e1s<\/p>\n","protected":false},"author":0,"featured_media":0,"comment_status":"","ping_status":"","sticky":false,"template":"","format":"standard","meta":{"footnotes":""},"categories":[1],"tags":[],"class_list":["post-38275","post","type-post","status-publish","format-standard","hentry","category-sin-categoria"],"_links":{"self":[{"href":"http:\/\/fmdelpueblo.ar\/index.php?rest_route=\/wp\/v2\/posts\/38275","targetHints":{"allow":["GET"]}}],"collection":[{"href":"http:\/\/fmdelpueblo.ar\/index.php?rest_route=\/wp\/v2\/posts"}],"about":[{"href":"http:\/\/fmdelpueblo.ar\/index.php?rest_route=\/wp\/v2\/types\/post"}],"replies":[{"embeddable":true,"href":"http:\/\/fmdelpueblo.ar\/index.php?rest_route=%2Fwp%2Fv2%2Fcomments&post=38275"}],"version-history":[{"count":0,"href":"http:\/\/fmdelpueblo.ar\/index.php?rest_route=\/wp\/v2\/posts\/38275\/revisions"}],"wp:attachment":[{"href":"http:\/\/fmdelpueblo.ar\/index.php?rest_route=%2Fwp%2Fv2%2Fmedia&parent=38275"}],"wp:term":[{"taxonomy":"category","embeddable":true,"href":"http:\/\/fmdelpueblo.ar\/index.php?rest_route=%2Fwp%2Fv2%2Fcategories&post=38275"},{"taxonomy":"post_tag","embeddable":true,"href":"http:\/\/fmdelpueblo.ar\/index.php?rest_route=%2Fwp%2Fv2%2Ftags&post=38275"}],"curies":[{"name":"wp","href":"https:\/\/api.w.org\/{rel}","templated":true}]}}