{"id":38273,"date":"2023-03-14T19:09:21","date_gmt":"2023-03-14T19:09:21","guid":{"rendered":"http:\/\/fmdelpueblo.ar\/?p=38273"},"modified":"2023-03-14T19:09:21","modified_gmt":"2023-03-14T19:09:21","slug":"meta-recortara-10-000-empleos-y-eliminara-5-000-puestos-vacantes","status":"publish","type":"post","link":"http:\/\/fmdelpueblo.ar\/?p=38273","title":{"rendered":"Meta recortar\u00e1 10.000 empleos y eliminar\u00e1 5.000 puestos vacantes"},"content":{"rendered":"<\/p>\n<p>La empresa matriz de Facebook buscar\u00e1 mejorar su desempe\u00f1o financiero y alcanzar objetivos a m\u00e1s largo plazo. Como parte de esos esfuerzos, aplanar\u00e1 la organizaci\u00f3n, cancelar\u00e1 proyectos de menor prioridad y frenar\u00e1 la contrataci\u00f3n. <a href=\"https:\/\/www.perfil.com\/noticias\/bloomberg\/bc-meta-recortara-10000-empleos-eliminara-5000-puestos-vacantes.phtml\">Leer m\u00e1s<\/a><\/p>\n","protected":false},"excerpt":{"rendered":"<p>La empresa matriz de Facebook buscar\u00e1 mejorar su desempe\u00f1o financiero y alcanzar objetivos a m\u00e1s largo plazo. Como parte de esos esfuerzos, aplanar\u00e1 la organizaci\u00f3n, cancelar\u00e1 proyectos de menor prioridad y frenar\u00e1 la contrataci\u00f3n. Leer m\u00e1s<\/p>\n","protected":false},"author":0,"featured_media":0,"comment_status":"","ping_status":"","sticky":false,"template":"","format":"standard","meta":{"footnotes":""},"categories":[1],"tags":[],"class_list":["post-38273","post","type-post","status-publish","format-standard","hentry","category-sin-categoria"],"_links":{"self":[{"href":"http:\/\/fmdelpueblo.ar\/index.php?rest_route=\/wp\/v2\/posts\/38273","targetHints":{"allow":["GET"]}}],"collection":[{"href":"http:\/\/fmdelpueblo.ar\/index.php?rest_route=\/wp\/v2\/posts"}],"about":[{"href":"http:\/\/fmdelpueblo.ar\/index.php?rest_route=\/wp\/v2\/types\/post"}],"replies":[{"embeddable":true,"href":"http:\/\/fmdelpueblo.ar\/index.php?rest_route=%2Fwp%2Fv2%2Fcomments&post=38273"}],"version-history":[{"count":0,"href":"http:\/\/fmdelpueblo.ar\/index.php?rest_route=\/wp\/v2\/posts\/38273\/revisions"}],"wp:attachment":[{"href":"http:\/\/fmdelpueblo.ar\/index.php?rest_route=%2Fwp%2Fv2%2Fmedia&parent=38273"}],"wp:term":[{"taxonomy":"category","embeddable":true,"href":"http:\/\/fmdelpueblo.ar\/index.php?rest_route=%2Fwp%2Fv2%2Fcategories&post=38273"},{"taxonomy":"post_tag","embeddable":true,"href":"http:\/\/fmdelpueblo.ar\/index.php?rest_route=%2Fwp%2Fv2%2Ftags&post=38273"}],"curies":[{"name":"wp","href":"https:\/\/api.w.org\/{rel}","templated":true}]}}