{"id":38271,"date":"2023-03-14T18:08:56","date_gmt":"2023-03-14T18:08:56","guid":{"rendered":"http:\/\/fmdelpueblo.ar\/?p=38271"},"modified":"2023-03-14T18:08:56","modified_gmt":"2023-03-14T18:08:56","slug":"ante-el-anuncio-de-inflacion-subira-el-banco-central-las-tasas-de-interes","status":"publish","type":"post","link":"http:\/\/fmdelpueblo.ar\/?p=38271","title":{"rendered":"Ante el anuncio de inflaci\u00f3n, \u00bfsubir\u00e1 el Banco Central las tasas de inter\u00e9s?"},"content":{"rendered":"<\/p>\n<p>Desde septiembre pasado que el Banco Central no sube la tasa de inter\u00e9s, por lo que la aceleraci\u00f3n de la inflaci\u00f3n desde comienzos del 2023 sembr\u00f3 dudas sobre la estrategia que desarrolla la entidad monetaria.<br \/>\n <a href=\"https:\/\/www.perfil.com\/noticias\/economia\/ante-el-anuncio-de-inflacion-suben-las-tasas-de-interes.phtml\">Leer m\u00e1s<\/a><\/p>\n","protected":false},"excerpt":{"rendered":"<p>Desde septiembre pasado que el Banco Central no sube la tasa de inter\u00e9s, por lo que la aceleraci\u00f3n de la inflaci\u00f3n desde comienzos del 2023 sembr\u00f3 dudas sobre la estrategia que desarrolla la entidad monetaria. Leer m\u00e1s<\/p>\n","protected":false},"author":0,"featured_media":0,"comment_status":"","ping_status":"","sticky":false,"template":"","format":"standard","meta":{"footnotes":""},"categories":[1],"tags":[],"class_list":["post-38271","post","type-post","status-publish","format-standard","hentry","category-sin-categoria"],"_links":{"self":[{"href":"http:\/\/fmdelpueblo.ar\/index.php?rest_route=\/wp\/v2\/posts\/38271","targetHints":{"allow":["GET"]}}],"collection":[{"href":"http:\/\/fmdelpueblo.ar\/index.php?rest_route=\/wp\/v2\/posts"}],"about":[{"href":"http:\/\/fmdelpueblo.ar\/index.php?rest_route=\/wp\/v2\/types\/post"}],"replies":[{"embeddable":true,"href":"http:\/\/fmdelpueblo.ar\/index.php?rest_route=%2Fwp%2Fv2%2Fcomments&post=38271"}],"version-history":[{"count":0,"href":"http:\/\/fmdelpueblo.ar\/index.php?rest_route=\/wp\/v2\/posts\/38271\/revisions"}],"wp:attachment":[{"href":"http:\/\/fmdelpueblo.ar\/index.php?rest_route=%2Fwp%2Fv2%2Fmedia&parent=38271"}],"wp:term":[{"taxonomy":"category","embeddable":true,"href":"http:\/\/fmdelpueblo.ar\/index.php?rest_route=%2Fwp%2Fv2%2Fcategories&post=38271"},{"taxonomy":"post_tag","embeddable":true,"href":"http:\/\/fmdelpueblo.ar\/index.php?rest_route=%2Fwp%2Fv2%2Ftags&post=38271"}],"curies":[{"name":"wp","href":"https:\/\/api.w.org\/{rel}","templated":true}]}}