{"id":38270,"date":"2023-03-14T18:08:55","date_gmt":"2023-03-14T18:08:55","guid":{"rendered":"http:\/\/fmdelpueblo.ar\/?p=38270"},"modified":"2023-03-14T18:08:55","modified_gmt":"2023-03-14T18:08:55","slug":"exigen-sancionar-al-fiscal-stornelli-porque-no-se-presento-en-la-comision-de-juicio-politico","status":"publish","type":"post","link":"http:\/\/fmdelpueblo.ar\/?p=38270","title":{"rendered":"Exigen sancionar al fiscal Stornelli porque no se present\u00f3 en la Comisi\u00f3n de Juicio Pol\u00edtico"},"content":{"rendered":"<\/p>\n<p>Los diputados del Frente de Todos piden que el fiscal sea desaforado para ser llevado mediante la fuerza p\u00fablica a testificar en el juicio contra los jueces de la Corte Suprema. <a href=\"https:\/\/www.perfil.com\/noticias\/politica\/exigen-sancionar-al-fiscal-stornelli-porque-no-se-presento-en-la-comision-de-juicio-politico.phtml\">Leer m\u00e1s<\/a><\/p>\n","protected":false},"excerpt":{"rendered":"<p>Los diputados del Frente de Todos piden que el fiscal sea desaforado para ser llevado mediante la fuerza p\u00fablica a testificar en el juicio contra los jueces de la Corte Suprema. Leer m\u00e1s<\/p>\n","protected":false},"author":0,"featured_media":0,"comment_status":"","ping_status":"","sticky":false,"template":"","format":"standard","meta":{"footnotes":""},"categories":[1],"tags":[],"class_list":["post-38270","post","type-post","status-publish","format-standard","hentry","category-sin-categoria"],"_links":{"self":[{"href":"http:\/\/fmdelpueblo.ar\/index.php?rest_route=\/wp\/v2\/posts\/38270","targetHints":{"allow":["GET"]}}],"collection":[{"href":"http:\/\/fmdelpueblo.ar\/index.php?rest_route=\/wp\/v2\/posts"}],"about":[{"href":"http:\/\/fmdelpueblo.ar\/index.php?rest_route=\/wp\/v2\/types\/post"}],"replies":[{"embeddable":true,"href":"http:\/\/fmdelpueblo.ar\/index.php?rest_route=%2Fwp%2Fv2%2Fcomments&post=38270"}],"version-history":[{"count":0,"href":"http:\/\/fmdelpueblo.ar\/index.php?rest_route=\/wp\/v2\/posts\/38270\/revisions"}],"wp:attachment":[{"href":"http:\/\/fmdelpueblo.ar\/index.php?rest_route=%2Fwp%2Fv2%2Fmedia&parent=38270"}],"wp:term":[{"taxonomy":"category","embeddable":true,"href":"http:\/\/fmdelpueblo.ar\/index.php?rest_route=%2Fwp%2Fv2%2Fcategories&post=38270"},{"taxonomy":"post_tag","embeddable":true,"href":"http:\/\/fmdelpueblo.ar\/index.php?rest_route=%2Fwp%2Fv2%2Ftags&post=38270"}],"curies":[{"name":"wp","href":"https:\/\/api.w.org\/{rel}","templated":true}]}}