{"id":38268,"date":"2023-03-14T17:09:22","date_gmt":"2023-03-14T17:09:22","guid":{"rendered":"http:\/\/fmdelpueblo.ar\/?p=38268"},"modified":"2023-03-14T17:09:22","modified_gmt":"2023-03-14T17:09:22","slug":"hablo-la-exministra-de-rafael-correa-que-huyo-de-la-embajada-argentina-en-ecuador-tuve-que-salir-bajo-riesgo","status":"publish","type":"post","link":"http:\/\/fmdelpueblo.ar\/?p=38268","title":{"rendered":"Habl\u00f3 la exministra de Rafael Correa que \u00abhuy\u00f3\u00bb de la embajada argentina en Ecuador: \u00abTuve que salir bajo riesgo\u00bb"},"content":{"rendered":"<\/p>\n<p>Mar\u00eda de los \u00c1ngeles Duarte Pesantes abandon\u00f3 durante el fin de semana el lugar donde se estaba quedando junto a su hijo menor de edad. La exfuncionaria alega que el gobierno ecuatoriano la convirti\u00f3 en su \u00abreh\u00e9n pol\u00edtica\u00bb. <a href=\"https:\/\/www.perfil.com\/noticias\/internacional\/hablo-la-exministra-de-rafael-correa-que-huyo-de-la-embajada-argentina-en-ecuador-tuve-que-salir-bajo-riesgo.phtml\">Leer m\u00e1s<\/a><\/p>\n","protected":false},"excerpt":{"rendered":"<p>Mar\u00eda de los \u00c1ngeles Duarte Pesantes abandon\u00f3 durante el fin de semana el lugar donde se estaba quedando junto a su hijo menor de edad. La exfuncionaria alega que el gobierno ecuatoriano la convirti\u00f3 en su \u00abreh\u00e9n pol\u00edtica\u00bb. Leer m\u00e1s<\/p>\n","protected":false},"author":0,"featured_media":0,"comment_status":"","ping_status":"","sticky":false,"template":"","format":"standard","meta":{"footnotes":""},"categories":[1],"tags":[],"class_list":["post-38268","post","type-post","status-publish","format-standard","hentry","category-sin-categoria"],"_links":{"self":[{"href":"http:\/\/fmdelpueblo.ar\/index.php?rest_route=\/wp\/v2\/posts\/38268","targetHints":{"allow":["GET"]}}],"collection":[{"href":"http:\/\/fmdelpueblo.ar\/index.php?rest_route=\/wp\/v2\/posts"}],"about":[{"href":"http:\/\/fmdelpueblo.ar\/index.php?rest_route=\/wp\/v2\/types\/post"}],"replies":[{"embeddable":true,"href":"http:\/\/fmdelpueblo.ar\/index.php?rest_route=%2Fwp%2Fv2%2Fcomments&post=38268"}],"version-history":[{"count":0,"href":"http:\/\/fmdelpueblo.ar\/index.php?rest_route=\/wp\/v2\/posts\/38268\/revisions"}],"wp:attachment":[{"href":"http:\/\/fmdelpueblo.ar\/index.php?rest_route=%2Fwp%2Fv2%2Fmedia&parent=38268"}],"wp:term":[{"taxonomy":"category","embeddable":true,"href":"http:\/\/fmdelpueblo.ar\/index.php?rest_route=%2Fwp%2Fv2%2Fcategories&post=38268"},{"taxonomy":"post_tag","embeddable":true,"href":"http:\/\/fmdelpueblo.ar\/index.php?rest_route=%2Fwp%2Fv2%2Ftags&post=38268"}],"curies":[{"name":"wp","href":"https:\/\/api.w.org\/{rel}","templated":true}]}}