{"id":38267,"date":"2023-03-14T17:09:21","date_gmt":"2023-03-14T17:09:21","guid":{"rendered":"http:\/\/fmdelpueblo.ar\/?p=38267"},"modified":"2023-03-14T17:09:21","modified_gmt":"2023-03-14T17:09:21","slug":"fontevecchia-con-el-papa-un-dialogo-imperdible-en-capitulos","status":"publish","type":"post","link":"http:\/\/fmdelpueblo.ar\/?p=38267","title":{"rendered":"Fontevecchia con el Papa: Un di\u00e1logo imperdible en cap\u00edtulos"},"content":{"rendered":"<\/p>\n<p>Los 10 a\u00f1os de papado de Francisco fueron la ocasi\u00f3n para un encuentro \u00fanico en Roma. La charla de Santa Marta, desmenuzada por temas con texto y video disponible a partir de hoy para nuestros lectores.  <a href=\"https:\/\/www.perfil.com\/noticias\/actualidad\/fontevecchia-con-el-papa-un-dialogo-imperdible-en-capitulos.phtml\">Leer m\u00e1s<\/a><\/p>\n","protected":false},"excerpt":{"rendered":"<p>Los 10 a\u00f1os de papado de Francisco fueron la ocasi\u00f3n para un encuentro \u00fanico en Roma. La charla de Santa Marta, desmenuzada por temas con texto y video disponible a partir de hoy para nuestros lectores. Leer m\u00e1s<\/p>\n","protected":false},"author":0,"featured_media":0,"comment_status":"","ping_status":"","sticky":false,"template":"","format":"standard","meta":{"footnotes":""},"categories":[1],"tags":[],"class_list":["post-38267","post","type-post","status-publish","format-standard","hentry","category-sin-categoria"],"_links":{"self":[{"href":"http:\/\/fmdelpueblo.ar\/index.php?rest_route=\/wp\/v2\/posts\/38267","targetHints":{"allow":["GET"]}}],"collection":[{"href":"http:\/\/fmdelpueblo.ar\/index.php?rest_route=\/wp\/v2\/posts"}],"about":[{"href":"http:\/\/fmdelpueblo.ar\/index.php?rest_route=\/wp\/v2\/types\/post"}],"replies":[{"embeddable":true,"href":"http:\/\/fmdelpueblo.ar\/index.php?rest_route=%2Fwp%2Fv2%2Fcomments&post=38267"}],"version-history":[{"count":0,"href":"http:\/\/fmdelpueblo.ar\/index.php?rest_route=\/wp\/v2\/posts\/38267\/revisions"}],"wp:attachment":[{"href":"http:\/\/fmdelpueblo.ar\/index.php?rest_route=%2Fwp%2Fv2%2Fmedia&parent=38267"}],"wp:term":[{"taxonomy":"category","embeddable":true,"href":"http:\/\/fmdelpueblo.ar\/index.php?rest_route=%2Fwp%2Fv2%2Fcategories&post=38267"},{"taxonomy":"post_tag","embeddable":true,"href":"http:\/\/fmdelpueblo.ar\/index.php?rest_route=%2Fwp%2Fv2%2Ftags&post=38267"}],"curies":[{"name":"wp","href":"https:\/\/api.w.org\/{rel}","templated":true}]}}