{"id":38263,"date":"2023-03-14T16:10:20","date_gmt":"2023-03-14T16:10:20","guid":{"rendered":"https:\/\/fmdelpueblo.ar\/?p=38263"},"modified":"2023-03-14T16:10:20","modified_gmt":"2023-03-14T16:10:20","slug":"solo-aquel-que-toma-el-agua-podra-decir-si-esta-caliente-o-fria","status":"publish","type":"post","link":"http:\/\/fmdelpueblo.ar\/?p=38263","title":{"rendered":"Solo aquel que toma el agua podr\u00e1 decir si est\u00e1 caliente o fr\u00eda"},"content":{"rendered":"<\/p>\n<p>Cuenta la leyenda -y algunos sitios de internet- que fue el m\u00e9dico y anticuario (y luego propagandista druida) William Stukeley quien afirm\u00f3, hacia 1754, que la Gran Muralla china se puede ver desde la Luna. El ingl\u00e9s lanz\u00f3 su afirmaci\u00f3n m\u00e1s de 200 a\u00f1os antes de que la Apolo 11 llegara a nuestro sat\u00e9lite natural. Y, por cierto, en eso se equivoc\u00f3: no se puede ver desde el espacio. Sin embargo, sirve como modesta met\u00e1fora para describir la cultura milenaria china: se pueden apreciar algunos detalles desde el cielo (no desde el espacio), y a veces un manojo de frases o ideas permite sospechar que se trata de un mundo fascinante. En \u00abMiradas sobre la cultura china\u00bb, de Ye Lang y Zhu Liangzhi, recientemente publicado por Eudeba y del cual compartimos aqu\u00ed algunos cap\u00edtulos, estos acad\u00e9micos logran justamente eso, que podamos entrever, a trav\u00e9s del t\u00e9 o el arte de la guerra, una pizca de la cosmovisi\u00f3n y el esp\u00edritu de un pueblo y una cultura con m\u00e1s de cuarenta siglos de historia.<br \/>\n <a href=\"https:\/\/www.perfil.com\/noticias\/textum\/solo-aquel-que-toma-el-agua-podra-decir-si-esta-caliente-o-fria.phtml\">Leer m\u00e1s<\/a><\/p>\n","protected":false},"excerpt":{"rendered":"<p>Cuenta la leyenda -y algunos sitios de internet- que fue el m\u00e9dico y anticuario (y luego propagandista druida) William Stukeley quien afirm\u00f3, hacia 1754, que la Gran Muralla china se puede ver desde la Luna. El ingl\u00e9s lanz\u00f3 su afirmaci\u00f3n m\u00e1s de 200 a\u00f1os antes de que la Apolo 11 llegara a nuestro sat\u00e9lite natural. [&hellip;]<\/p>\n","protected":false},"author":0,"featured_media":0,"comment_status":"","ping_status":"","sticky":false,"template":"","format":"standard","meta":{"footnotes":""},"categories":[1],"tags":[],"class_list":["post-38263","post","type-post","status-publish","format-standard","hentry","category-sin-categoria"],"_links":{"self":[{"href":"http:\/\/fmdelpueblo.ar\/index.php?rest_route=\/wp\/v2\/posts\/38263","targetHints":{"allow":["GET"]}}],"collection":[{"href":"http:\/\/fmdelpueblo.ar\/index.php?rest_route=\/wp\/v2\/posts"}],"about":[{"href":"http:\/\/fmdelpueblo.ar\/index.php?rest_route=\/wp\/v2\/types\/post"}],"replies":[{"embeddable":true,"href":"http:\/\/fmdelpueblo.ar\/index.php?rest_route=%2Fwp%2Fv2%2Fcomments&post=38263"}],"version-history":[{"count":0,"href":"http:\/\/fmdelpueblo.ar\/index.php?rest_route=\/wp\/v2\/posts\/38263\/revisions"}],"wp:attachment":[{"href":"http:\/\/fmdelpueblo.ar\/index.php?rest_route=%2Fwp%2Fv2%2Fmedia&parent=38263"}],"wp:term":[{"taxonomy":"category","embeddable":true,"href":"http:\/\/fmdelpueblo.ar\/index.php?rest_route=%2Fwp%2Fv2%2Fcategories&post=38263"},{"taxonomy":"post_tag","embeddable":true,"href":"http:\/\/fmdelpueblo.ar\/index.php?rest_route=%2Fwp%2Fv2%2Ftags&post=38263"}],"curies":[{"name":"wp","href":"https:\/\/api.w.org\/{rel}","templated":true}]}}