{"id":38260,"date":"2023-03-14T15:10:18","date_gmt":"2023-03-14T15:10:18","guid":{"rendered":"https:\/\/fmdelpueblo.ar\/?p=38260"},"modified":"2023-03-14T15:10:18","modified_gmt":"2023-03-14T15:10:18","slug":"daniel-menendez-coincido-con-poner-la-lupa-sobre-quienes-perciben-los-beneficios-de-los-planes","status":"publish","type":"post","link":"http:\/\/fmdelpueblo.ar\/?p=38260","title":{"rendered":"Daniel Men\u00e9ndez: \u00abCoincido con poner la lupa sobre quienes perciben los beneficios de los planes\u00bb"},"content":{"rendered":"<\/p>\n<p>El coordinador nacional de Barrios de Pie analiz\u00f3 la situaci\u00f3n inflacionaria y el enfrentamiento entre algunas organizaciones y Victoria Tolosa Paz. Su nuevo espacio pol\u00edtico. <a href=\"https:\/\/www.perfil.com\/noticias\/modo-fontevecchia\/daniel-menendez-coincido-con-poner-la-lupa-sobre-quienes-perciben-los-beneficios-de-los-planes-modof.phtml\">Leer m\u00e1s<\/a><\/p>\n","protected":false},"excerpt":{"rendered":"<p>El coordinador nacional de Barrios de Pie analiz\u00f3 la situaci\u00f3n inflacionaria y el enfrentamiento entre algunas organizaciones y Victoria Tolosa Paz. Su nuevo espacio pol\u00edtico. Leer m\u00e1s<\/p>\n","protected":false},"author":0,"featured_media":0,"comment_status":"","ping_status":"","sticky":false,"template":"","format":"standard","meta":{"footnotes":""},"categories":[1],"tags":[],"class_list":["post-38260","post","type-post","status-publish","format-standard","hentry","category-sin-categoria"],"_links":{"self":[{"href":"http:\/\/fmdelpueblo.ar\/index.php?rest_route=\/wp\/v2\/posts\/38260","targetHints":{"allow":["GET"]}}],"collection":[{"href":"http:\/\/fmdelpueblo.ar\/index.php?rest_route=\/wp\/v2\/posts"}],"about":[{"href":"http:\/\/fmdelpueblo.ar\/index.php?rest_route=\/wp\/v2\/types\/post"}],"replies":[{"embeddable":true,"href":"http:\/\/fmdelpueblo.ar\/index.php?rest_route=%2Fwp%2Fv2%2Fcomments&post=38260"}],"version-history":[{"count":0,"href":"http:\/\/fmdelpueblo.ar\/index.php?rest_route=\/wp\/v2\/posts\/38260\/revisions"}],"wp:attachment":[{"href":"http:\/\/fmdelpueblo.ar\/index.php?rest_route=%2Fwp%2Fv2%2Fmedia&parent=38260"}],"wp:term":[{"taxonomy":"category","embeddable":true,"href":"http:\/\/fmdelpueblo.ar\/index.php?rest_route=%2Fwp%2Fv2%2Fcategories&post=38260"},{"taxonomy":"post_tag","embeddable":true,"href":"http:\/\/fmdelpueblo.ar\/index.php?rest_route=%2Fwp%2Fv2%2Ftags&post=38260"}],"curies":[{"name":"wp","href":"https:\/\/api.w.org\/{rel}","templated":true}]}}