{"id":38259,"date":"2023-03-14T15:10:17","date_gmt":"2023-03-14T15:10:17","guid":{"rendered":"https:\/\/fmdelpueblo.ar\/?p=38259"},"modified":"2023-03-14T15:10:17","modified_gmt":"2023-03-14T15:10:17","slug":"preocupacion-por-la-salud-de-tristan","status":"publish","type":"post","link":"http:\/\/fmdelpueblo.ar\/?p=38259","title":{"rendered":"Preocupaci\u00f3n por la salud de Trist\u00e1n"},"content":{"rendered":"<\/p>\n<p>El reconocido actor y humorista se encuentra internado con un cuadro de neumon\u00eda bilateral grave en el Hospital de Tr\u00e1nsito C\u00e1ceres de Allende. <a href=\"https:\/\/www.perfil.com\/noticias\/modo-fontevecchia\/preocupacion-por-la-salud-de-tristan-modof.phtml\">Leer m\u00e1s<\/a><\/p>\n","protected":false},"excerpt":{"rendered":"<p>El reconocido actor y humorista se encuentra internado con un cuadro de neumon\u00eda bilateral grave en el Hospital de Tr\u00e1nsito C\u00e1ceres de Allende. Leer m\u00e1s<\/p>\n","protected":false},"author":0,"featured_media":0,"comment_status":"","ping_status":"","sticky":false,"template":"","format":"standard","meta":{"footnotes":""},"categories":[1],"tags":[],"class_list":["post-38259","post","type-post","status-publish","format-standard","hentry","category-sin-categoria"],"_links":{"self":[{"href":"http:\/\/fmdelpueblo.ar\/index.php?rest_route=\/wp\/v2\/posts\/38259","targetHints":{"allow":["GET"]}}],"collection":[{"href":"http:\/\/fmdelpueblo.ar\/index.php?rest_route=\/wp\/v2\/posts"}],"about":[{"href":"http:\/\/fmdelpueblo.ar\/index.php?rest_route=\/wp\/v2\/types\/post"}],"replies":[{"embeddable":true,"href":"http:\/\/fmdelpueblo.ar\/index.php?rest_route=%2Fwp%2Fv2%2Fcomments&post=38259"}],"version-history":[{"count":0,"href":"http:\/\/fmdelpueblo.ar\/index.php?rest_route=\/wp\/v2\/posts\/38259\/revisions"}],"wp:attachment":[{"href":"http:\/\/fmdelpueblo.ar\/index.php?rest_route=%2Fwp%2Fv2%2Fmedia&parent=38259"}],"wp:term":[{"taxonomy":"category","embeddable":true,"href":"http:\/\/fmdelpueblo.ar\/index.php?rest_route=%2Fwp%2Fv2%2Fcategories&post=38259"},{"taxonomy":"post_tag","embeddable":true,"href":"http:\/\/fmdelpueblo.ar\/index.php?rest_route=%2Fwp%2Fv2%2Ftags&post=38259"}],"curies":[{"name":"wp","href":"https:\/\/api.w.org\/{rel}","templated":true}]}}