{"id":38258,"date":"2023-03-14T15:10:16","date_gmt":"2023-03-14T15:10:16","guid":{"rendered":"https:\/\/fmdelpueblo.ar\/?p=38258"},"modified":"2023-03-14T15:10:16","modified_gmt":"2023-03-14T15:10:16","slug":"sergio-massa-y-el-fmi-avanzan-con-un-acuerdo-sobre-las-reservas","status":"publish","type":"post","link":"http:\/\/fmdelpueblo.ar\/?p=38258","title":{"rendered":"Sergio Massa y el FMI avanzan con un acuerdo sobre las reservas"},"content":{"rendered":"<\/p>\n<p>En el marco de la afectaci\u00f3n en las exportaciones a causa de la sequ\u00eda, el ministro de Econom\u00eda lleg\u00f3 a un acuerdo con el Fondo. Las principales pautas que impuso el FMI. <a href=\"https:\/\/www.perfil.com\/noticias\/modo-fontevecchia\/massa-y-el-fmi-avanzan-con-un-acuerdo-sobre-las-reservas-modof.phtml\">Leer m\u00e1s<\/a><\/p>\n","protected":false},"excerpt":{"rendered":"<p>En el marco de la afectaci\u00f3n en las exportaciones a causa de la sequ\u00eda, el ministro de Econom\u00eda lleg\u00f3 a un acuerdo con el Fondo. Las principales pautas que impuso el FMI. Leer m\u00e1s<\/p>\n","protected":false},"author":0,"featured_media":0,"comment_status":"","ping_status":"","sticky":false,"template":"","format":"standard","meta":{"footnotes":""},"categories":[1],"tags":[],"class_list":["post-38258","post","type-post","status-publish","format-standard","hentry","category-sin-categoria"],"_links":{"self":[{"href":"http:\/\/fmdelpueblo.ar\/index.php?rest_route=\/wp\/v2\/posts\/38258","targetHints":{"allow":["GET"]}}],"collection":[{"href":"http:\/\/fmdelpueblo.ar\/index.php?rest_route=\/wp\/v2\/posts"}],"about":[{"href":"http:\/\/fmdelpueblo.ar\/index.php?rest_route=\/wp\/v2\/types\/post"}],"replies":[{"embeddable":true,"href":"http:\/\/fmdelpueblo.ar\/index.php?rest_route=%2Fwp%2Fv2%2Fcomments&post=38258"}],"version-history":[{"count":0,"href":"http:\/\/fmdelpueblo.ar\/index.php?rest_route=\/wp\/v2\/posts\/38258\/revisions"}],"wp:attachment":[{"href":"http:\/\/fmdelpueblo.ar\/index.php?rest_route=%2Fwp%2Fv2%2Fmedia&parent=38258"}],"wp:term":[{"taxonomy":"category","embeddable":true,"href":"http:\/\/fmdelpueblo.ar\/index.php?rest_route=%2Fwp%2Fv2%2Fcategories&post=38258"},{"taxonomy":"post_tag","embeddable":true,"href":"http:\/\/fmdelpueblo.ar\/index.php?rest_route=%2Fwp%2Fv2%2Ftags&post=38258"}],"curies":[{"name":"wp","href":"https:\/\/api.w.org\/{rel}","templated":true}]}}