{"id":38257,"date":"2023-03-14T15:10:16","date_gmt":"2023-03-14T15:10:16","guid":{"rendered":"https:\/\/fmdelpueblo.ar\/?p=38257"},"modified":"2023-03-14T15:10:16","modified_gmt":"2023-03-14T15:10:16","slug":"la-polemica-despedida-a-carlos-blaquier-los-avisos-funebres-de-rodriguez-larreta-a-gino-bogani","status":"publish","type":"post","link":"http:\/\/fmdelpueblo.ar\/?p=38257","title":{"rendered":"La pol\u00e9mica despedida a Carlos Blaquier: los avisos f\u00fanebres de Rodr\u00edguez Larreta a Gino Bogani"},"content":{"rendered":"<\/p>\n<p>El presidente de la azucarera Ledesma, acusado de los cr\u00edmenes de la \u201cNoche del Apag\u00f3n\u201d, muri\u00f3 sin ser condenado. Pol\u00edticos, empresarios y familias aristocr\u00e1ticas de Argentina brindaron sus condolencias. <a href=\"https:\/\/www.perfil.com\/noticias\/actualidad\/la-polemica-despedida-a-carlos-blaquier-los-avisos-funebres-de-rodriguez-larreta-a-gino-bogani.phtml\">Leer m\u00e1s<\/a><\/p>\n","protected":false},"excerpt":{"rendered":"<p>El presidente de la azucarera Ledesma, acusado de los cr\u00edmenes de la \u201cNoche del Apag\u00f3n\u201d, muri\u00f3 sin ser condenado. Pol\u00edticos, empresarios y familias aristocr\u00e1ticas de Argentina brindaron sus condolencias. Leer m\u00e1s<\/p>\n","protected":false},"author":0,"featured_media":0,"comment_status":"","ping_status":"","sticky":false,"template":"","format":"standard","meta":{"footnotes":""},"categories":[1],"tags":[],"class_list":["post-38257","post","type-post","status-publish","format-standard","hentry","category-sin-categoria"],"_links":{"self":[{"href":"http:\/\/fmdelpueblo.ar\/index.php?rest_route=\/wp\/v2\/posts\/38257","targetHints":{"allow":["GET"]}}],"collection":[{"href":"http:\/\/fmdelpueblo.ar\/index.php?rest_route=\/wp\/v2\/posts"}],"about":[{"href":"http:\/\/fmdelpueblo.ar\/index.php?rest_route=\/wp\/v2\/types\/post"}],"replies":[{"embeddable":true,"href":"http:\/\/fmdelpueblo.ar\/index.php?rest_route=%2Fwp%2Fv2%2Fcomments&post=38257"}],"version-history":[{"count":0,"href":"http:\/\/fmdelpueblo.ar\/index.php?rest_route=\/wp\/v2\/posts\/38257\/revisions"}],"wp:attachment":[{"href":"http:\/\/fmdelpueblo.ar\/index.php?rest_route=%2Fwp%2Fv2%2Fmedia&parent=38257"}],"wp:term":[{"taxonomy":"category","embeddable":true,"href":"http:\/\/fmdelpueblo.ar\/index.php?rest_route=%2Fwp%2Fv2%2Fcategories&post=38257"},{"taxonomy":"post_tag","embeddable":true,"href":"http:\/\/fmdelpueblo.ar\/index.php?rest_route=%2Fwp%2Fv2%2Ftags&post=38257"}],"curies":[{"name":"wp","href":"https:\/\/api.w.org\/{rel}","templated":true}]}}