{"id":38254,"date":"2023-03-14T15:10:14","date_gmt":"2023-03-14T15:10:14","guid":{"rendered":"https:\/\/fmdelpueblo.ar\/?p=38254"},"modified":"2023-03-14T15:10:14","modified_gmt":"2023-03-14T15:10:14","slug":"piqueteros-piden-comida-para-levantar-el-acampe-en-9-de-julio-y-tolosa-paz-dara-de-baja-85-000-planes-manana","status":"publish","type":"post","link":"http:\/\/fmdelpueblo.ar\/?p=38254","title":{"rendered":"Piqueteros piden \u00abcomida\u00bb para levantar el acampe en 9 de julio y Tolosa Paz dar\u00e1 de baja 85.000 planes ma\u00f1ana"},"content":{"rendered":"<\/p>\n<p>Mientras que desde Unidad Piquetera dicen que negociar\u00edan terminar la protesta \u00absi aparece la comida\u00bb, la ministra de Desarrollo Social confirm\u00f3 que este mi\u00e9rcoles dar\u00e1n de baja 85 mil titulares del Potenciar Trabajo. <a href=\"https:\/\/www.perfil.com\/noticias\/actualidad\/piqueteros-piden-comida-para-levantar-el-acampe-en-9-de-julio-y-tolosa-paz-dara-de-baja-85000-planes-manana.phtml\">Leer m\u00e1s<\/a><\/p>\n","protected":false},"excerpt":{"rendered":"<p>Mientras que desde Unidad Piquetera dicen que negociar\u00edan terminar la protesta \u00absi aparece la comida\u00bb, la ministra de Desarrollo Social confirm\u00f3 que este mi\u00e9rcoles dar\u00e1n de baja 85 mil titulares del Potenciar Trabajo. Leer m\u00e1s<\/p>\n","protected":false},"author":0,"featured_media":0,"comment_status":"","ping_status":"","sticky":false,"template":"","format":"standard","meta":{"footnotes":""},"categories":[1],"tags":[],"class_list":["post-38254","post","type-post","status-publish","format-standard","hentry","category-sin-categoria"],"_links":{"self":[{"href":"http:\/\/fmdelpueblo.ar\/index.php?rest_route=\/wp\/v2\/posts\/38254","targetHints":{"allow":["GET"]}}],"collection":[{"href":"http:\/\/fmdelpueblo.ar\/index.php?rest_route=\/wp\/v2\/posts"}],"about":[{"href":"http:\/\/fmdelpueblo.ar\/index.php?rest_route=\/wp\/v2\/types\/post"}],"replies":[{"embeddable":true,"href":"http:\/\/fmdelpueblo.ar\/index.php?rest_route=%2Fwp%2Fv2%2Fcomments&post=38254"}],"version-history":[{"count":0,"href":"http:\/\/fmdelpueblo.ar\/index.php?rest_route=\/wp\/v2\/posts\/38254\/revisions"}],"wp:attachment":[{"href":"http:\/\/fmdelpueblo.ar\/index.php?rest_route=%2Fwp%2Fv2%2Fmedia&parent=38254"}],"wp:term":[{"taxonomy":"category","embeddable":true,"href":"http:\/\/fmdelpueblo.ar\/index.php?rest_route=%2Fwp%2Fv2%2Fcategories&post=38254"},{"taxonomy":"post_tag","embeddable":true,"href":"http:\/\/fmdelpueblo.ar\/index.php?rest_route=%2Fwp%2Fv2%2Ftags&post=38254"}],"curies":[{"name":"wp","href":"https:\/\/api.w.org\/{rel}","templated":true}]}}