{"id":38252,"date":"2023-03-14T14:08:59","date_gmt":"2023-03-14T14:08:59","guid":{"rendered":"https:\/\/fmdelpueblo.ar\/?p=38252"},"modified":"2023-03-14T14:08:59","modified_gmt":"2023-03-14T14:08:59","slug":"misterio-en-mendoza-cayo-de-un-decimo-piso-murio-y-su-cuerpo-despedia-humo","status":"publish","type":"post","link":"http:\/\/fmdelpueblo.ar\/?p=38252","title":{"rendered":"Misterio en Mendoza: cay\u00f3 de un d\u00e9cimo piso, muri\u00f3 y su cuerpo \u00abdesped\u00eda humo\u00bb"},"content":{"rendered":"<\/p>\n<p>La v\u00edctima es Luis S\u00e1nchez Oliva, un cubano de 70 a\u00f1os que resid\u00eda en Chile. El hombre estaba hospedado desde el s\u00e1bado y al caer muri\u00f3 en el acto. <a href=\"https:\/\/www.perfil.com\/noticias\/actualidad\/mendoza-murio-al-caer-de-un-decimo-piso-y-su-cuerpo-despedia-humo.phtml\">Leer m\u00e1s<\/a><\/p>\n","protected":false},"excerpt":{"rendered":"<p>La v\u00edctima es Luis S\u00e1nchez Oliva, un cubano de 70 a\u00f1os que resid\u00eda en Chile. El hombre estaba hospedado desde el s\u00e1bado y al caer muri\u00f3 en el acto. Leer m\u00e1s<\/p>\n","protected":false},"author":0,"featured_media":0,"comment_status":"","ping_status":"","sticky":false,"template":"","format":"standard","meta":{"footnotes":""},"categories":[1],"tags":[],"class_list":["post-38252","post","type-post","status-publish","format-standard","hentry","category-sin-categoria"],"_links":{"self":[{"href":"http:\/\/fmdelpueblo.ar\/index.php?rest_route=\/wp\/v2\/posts\/38252","targetHints":{"allow":["GET"]}}],"collection":[{"href":"http:\/\/fmdelpueblo.ar\/index.php?rest_route=\/wp\/v2\/posts"}],"about":[{"href":"http:\/\/fmdelpueblo.ar\/index.php?rest_route=\/wp\/v2\/types\/post"}],"replies":[{"embeddable":true,"href":"http:\/\/fmdelpueblo.ar\/index.php?rest_route=%2Fwp%2Fv2%2Fcomments&post=38252"}],"version-history":[{"count":0,"href":"http:\/\/fmdelpueblo.ar\/index.php?rest_route=\/wp\/v2\/posts\/38252\/revisions"}],"wp:attachment":[{"href":"http:\/\/fmdelpueblo.ar\/index.php?rest_route=%2Fwp%2Fv2%2Fmedia&parent=38252"}],"wp:term":[{"taxonomy":"category","embeddable":true,"href":"http:\/\/fmdelpueblo.ar\/index.php?rest_route=%2Fwp%2Fv2%2Fcategories&post=38252"},{"taxonomy":"post_tag","embeddable":true,"href":"http:\/\/fmdelpueblo.ar\/index.php?rest_route=%2Fwp%2Fv2%2Ftags&post=38252"}],"curies":[{"name":"wp","href":"https:\/\/api.w.org\/{rel}","templated":true}]}}