{"id":38251,"date":"2023-03-14T14:08:58","date_gmt":"2023-03-14T14:08:58","guid":{"rendered":"https:\/\/fmdelpueblo.ar\/?p=38251"},"modified":"2023-03-14T14:08:58","modified_gmt":"2023-03-14T14:08:58","slug":"como-sigue-la-disputa-en-la-magistratura-tras-el-reves-judicial-al-kirchnerismo-y-el-apoyo-a-luis-juez","status":"publish","type":"post","link":"http:\/\/fmdelpueblo.ar\/?p=38251","title":{"rendered":"C\u00f3mo sigue la disputa en la Magistratura tras el rev\u00e9s judicial al kirchnerismo y el apoyo a Luis Juez"},"content":{"rendered":"<\/p>\n<p>La C\u00e1mara en lo Contencioso Administrativo Federal declar\u00f3 la nulidad de la designaci\u00f3n del senador kirchnerista en el organismo. C\u00f3mo sigue la puja en un a\u00f1o clave para el Consejo de la Magistratura. <a href=\"https:\/\/www.perfil.com\/noticias\/politica\/reves-k-la-justicia-banco-a-luis-juez-en-la-disputa-con-donate-por-el-consejo-de-la-magistratura.phtml\">Leer m\u00e1s<\/a><\/p>\n","protected":false},"excerpt":{"rendered":"<p>La C\u00e1mara en lo Contencioso Administrativo Federal declar\u00f3 la nulidad de la designaci\u00f3n del senador kirchnerista en el organismo. C\u00f3mo sigue la puja en un a\u00f1o clave para el Consejo de la Magistratura. Leer m\u00e1s<\/p>\n","protected":false},"author":0,"featured_media":0,"comment_status":"","ping_status":"","sticky":false,"template":"","format":"standard","meta":{"footnotes":""},"categories":[1],"tags":[],"class_list":["post-38251","post","type-post","status-publish","format-standard","hentry","category-sin-categoria"],"_links":{"self":[{"href":"http:\/\/fmdelpueblo.ar\/index.php?rest_route=\/wp\/v2\/posts\/38251","targetHints":{"allow":["GET"]}}],"collection":[{"href":"http:\/\/fmdelpueblo.ar\/index.php?rest_route=\/wp\/v2\/posts"}],"about":[{"href":"http:\/\/fmdelpueblo.ar\/index.php?rest_route=\/wp\/v2\/types\/post"}],"replies":[{"embeddable":true,"href":"http:\/\/fmdelpueblo.ar\/index.php?rest_route=%2Fwp%2Fv2%2Fcomments&post=38251"}],"version-history":[{"count":0,"href":"http:\/\/fmdelpueblo.ar\/index.php?rest_route=\/wp\/v2\/posts\/38251\/revisions"}],"wp:attachment":[{"href":"http:\/\/fmdelpueblo.ar\/index.php?rest_route=%2Fwp%2Fv2%2Fmedia&parent=38251"}],"wp:term":[{"taxonomy":"category","embeddable":true,"href":"http:\/\/fmdelpueblo.ar\/index.php?rest_route=%2Fwp%2Fv2%2Fcategories&post=38251"},{"taxonomy":"post_tag","embeddable":true,"href":"http:\/\/fmdelpueblo.ar\/index.php?rest_route=%2Fwp%2Fv2%2Ftags&post=38251"}],"curies":[{"name":"wp","href":"https:\/\/api.w.org\/{rel}","templated":true}]}}