{"id":38249,"date":"2023-03-14T13:09:43","date_gmt":"2023-03-14T13:09:43","guid":{"rendered":"https:\/\/fmdelpueblo.ar\/?p=38249"},"modified":"2023-03-14T13:09:43","modified_gmt":"2023-03-14T13:09:43","slug":"si-duele-no-es-normal","status":"publish","type":"post","link":"http:\/\/fmdelpueblo.ar\/?p=38249","title":{"rendered":"Si duele no es normal"},"content":{"rendered":"<\/p>\n<p>Esta enfermedad cr\u00f3nica afecta aproximadamente al 10 % (190 millones) de las mujeres y ni\u00f1as en edad reproductiva. La detecci\u00f3n temprana puede ayudarlas.  <a href=\"https:\/\/www.perfil.com\/noticias\/opinion\/si-duele-no-es-normal.phtml\">Leer m\u00e1s<\/a><\/p>\n","protected":false},"excerpt":{"rendered":"<p>Esta enfermedad cr\u00f3nica afecta aproximadamente al 10 % (190 millones) de las mujeres y ni\u00f1as en edad reproductiva. La detecci\u00f3n temprana puede ayudarlas. Leer m\u00e1s<\/p>\n","protected":false},"author":0,"featured_media":0,"comment_status":"","ping_status":"","sticky":false,"template":"","format":"standard","meta":{"footnotes":""},"categories":[1],"tags":[],"class_list":["post-38249","post","type-post","status-publish","format-standard","hentry","category-sin-categoria"],"_links":{"self":[{"href":"http:\/\/fmdelpueblo.ar\/index.php?rest_route=\/wp\/v2\/posts\/38249","targetHints":{"allow":["GET"]}}],"collection":[{"href":"http:\/\/fmdelpueblo.ar\/index.php?rest_route=\/wp\/v2\/posts"}],"about":[{"href":"http:\/\/fmdelpueblo.ar\/index.php?rest_route=\/wp\/v2\/types\/post"}],"replies":[{"embeddable":true,"href":"http:\/\/fmdelpueblo.ar\/index.php?rest_route=%2Fwp%2Fv2%2Fcomments&post=38249"}],"version-history":[{"count":0,"href":"http:\/\/fmdelpueblo.ar\/index.php?rest_route=\/wp\/v2\/posts\/38249\/revisions"}],"wp:attachment":[{"href":"http:\/\/fmdelpueblo.ar\/index.php?rest_route=%2Fwp%2Fv2%2Fmedia&parent=38249"}],"wp:term":[{"taxonomy":"category","embeddable":true,"href":"http:\/\/fmdelpueblo.ar\/index.php?rest_route=%2Fwp%2Fv2%2Fcategories&post=38249"},{"taxonomy":"post_tag","embeddable":true,"href":"http:\/\/fmdelpueblo.ar\/index.php?rest_route=%2Fwp%2Fv2%2Ftags&post=38249"}],"curies":[{"name":"wp","href":"https:\/\/api.w.org\/{rel}","templated":true}]}}