{"id":38246,"date":"2023-03-14T13:09:41","date_gmt":"2023-03-14T13:09:41","guid":{"rendered":"https:\/\/fmdelpueblo.ar\/?p=38246"},"modified":"2023-03-14T13:09:41","modified_gmt":"2023-03-14T13:09:41","slug":"fernando-sabag-montiel-hablo-sobre-el-atentado-contra-cristina-kirchner","status":"publish","type":"post","link":"http:\/\/fmdelpueblo.ar\/?p=38246","title":{"rendered":"Fernando Sabag Montiel habl\u00f3 sobre el atentado contra Cristina Kirchner"},"content":{"rendered":"<\/p>\n<p>Este lunes sorprendi\u00f3 escuchar a quien intentara acabar con la vida de la vicepresidenta. Sus declaraciones m\u00e1s impactantes. <a href=\"https:\/\/www.perfil.com\/noticias\/modo-fontevecchia\/fernando-sabag-montiel-hablo-sobre-el-atentado-contra-cristina-kirchner-modof.phtml\">Leer m\u00e1s<\/a><\/p>\n","protected":false},"excerpt":{"rendered":"<p>Este lunes sorprendi\u00f3 escuchar a quien intentara acabar con la vida de la vicepresidenta. Sus declaraciones m\u00e1s impactantes. Leer m\u00e1s<\/p>\n","protected":false},"author":0,"featured_media":0,"comment_status":"","ping_status":"","sticky":false,"template":"","format":"standard","meta":{"footnotes":""},"categories":[1],"tags":[],"class_list":["post-38246","post","type-post","status-publish","format-standard","hentry","category-sin-categoria"],"_links":{"self":[{"href":"http:\/\/fmdelpueblo.ar\/index.php?rest_route=\/wp\/v2\/posts\/38246","targetHints":{"allow":["GET"]}}],"collection":[{"href":"http:\/\/fmdelpueblo.ar\/index.php?rest_route=\/wp\/v2\/posts"}],"about":[{"href":"http:\/\/fmdelpueblo.ar\/index.php?rest_route=\/wp\/v2\/types\/post"}],"replies":[{"embeddable":true,"href":"http:\/\/fmdelpueblo.ar\/index.php?rest_route=%2Fwp%2Fv2%2Fcomments&post=38246"}],"version-history":[{"count":0,"href":"http:\/\/fmdelpueblo.ar\/index.php?rest_route=\/wp\/v2\/posts\/38246\/revisions"}],"wp:attachment":[{"href":"http:\/\/fmdelpueblo.ar\/index.php?rest_route=%2Fwp%2Fv2%2Fmedia&parent=38246"}],"wp:term":[{"taxonomy":"category","embeddable":true,"href":"http:\/\/fmdelpueblo.ar\/index.php?rest_route=%2Fwp%2Fv2%2Fcategories&post=38246"},{"taxonomy":"post_tag","embeddable":true,"href":"http:\/\/fmdelpueblo.ar\/index.php?rest_route=%2Fwp%2Fv2%2Ftags&post=38246"}],"curies":[{"name":"wp","href":"https:\/\/api.w.org\/{rel}","templated":true}]}}