{"id":38244,"date":"2023-03-14T13:09:40","date_gmt":"2023-03-14T13:09:40","guid":{"rendered":"https:\/\/fmdelpueblo.ar\/?p=38244"},"modified":"2023-03-14T13:09:40","modified_gmt":"2023-03-14T13:09:40","slug":"horacio-rodriguez-larreta-anuncio-cambios-en-la-vtv-quiere-que-se-extienda-la-validez-del-tramite","status":"publish","type":"post","link":"http:\/\/fmdelpueblo.ar\/?p=38244","title":{"rendered":"Horacio Rodr\u00edguez Larreta anunci\u00f3 cambios en la VTV: quiere que se extienda la validez del tr\u00e1mite"},"content":{"rendered":"<\/p>\n<p>El jefe de Gobierno porte\u00f1o confirm\u00f3 esta ma\u00f1ana que enviar\u00e1 un proyecto de ley a la Legislatura porte\u00f1a para alargar la vigencia de la Verificaci\u00f3n T\u00e9cnica Vehicular. Tambi\u00e9n anunci\u00f3 modificaciones que involucran a los jubilados y a las personas con discapacidad <a href=\"https:\/\/www.perfil.com\/noticias\/actualidad\/horacio-rodriguez-larreta-anuncio-cambios-en-la-vtv-quiere-que-se-extienda-la-validez-del-tramite.phtml\">Leer m\u00e1s<\/a><\/p>\n","protected":false},"excerpt":{"rendered":"<p>El jefe de Gobierno porte\u00f1o confirm\u00f3 esta ma\u00f1ana que enviar\u00e1 un proyecto de ley a la Legislatura porte\u00f1a para alargar la vigencia de la Verificaci\u00f3n T\u00e9cnica Vehicular. Tambi\u00e9n anunci\u00f3 modificaciones que involucran a los jubilados y a las personas con discapacidad Leer m\u00e1s<\/p>\n","protected":false},"author":0,"featured_media":0,"comment_status":"","ping_status":"","sticky":false,"template":"","format":"standard","meta":{"footnotes":""},"categories":[1],"tags":[],"class_list":["post-38244","post","type-post","status-publish","format-standard","hentry","category-sin-categoria"],"_links":{"self":[{"href":"http:\/\/fmdelpueblo.ar\/index.php?rest_route=\/wp\/v2\/posts\/38244","targetHints":{"allow":["GET"]}}],"collection":[{"href":"http:\/\/fmdelpueblo.ar\/index.php?rest_route=\/wp\/v2\/posts"}],"about":[{"href":"http:\/\/fmdelpueblo.ar\/index.php?rest_route=\/wp\/v2\/types\/post"}],"replies":[{"embeddable":true,"href":"http:\/\/fmdelpueblo.ar\/index.php?rest_route=%2Fwp%2Fv2%2Fcomments&post=38244"}],"version-history":[{"count":0,"href":"http:\/\/fmdelpueblo.ar\/index.php?rest_route=\/wp\/v2\/posts\/38244\/revisions"}],"wp:attachment":[{"href":"http:\/\/fmdelpueblo.ar\/index.php?rest_route=%2Fwp%2Fv2%2Fmedia&parent=38244"}],"wp:term":[{"taxonomy":"category","embeddable":true,"href":"http:\/\/fmdelpueblo.ar\/index.php?rest_route=%2Fwp%2Fv2%2Fcategories&post=38244"},{"taxonomy":"post_tag","embeddable":true,"href":"http:\/\/fmdelpueblo.ar\/index.php?rest_route=%2Fwp%2Fv2%2Ftags&post=38244"}],"curies":[{"name":"wp","href":"https:\/\/api.w.org\/{rel}","templated":true}]}}