{"id":38238,"date":"2023-03-14T11:11:00","date_gmt":"2023-03-14T11:11:00","guid":{"rendered":"https:\/\/fmdelpueblo.ar\/?p=38238"},"modified":"2023-03-14T11:11:00","modified_gmt":"2023-03-14T11:11:00","slug":"rio-negro-asaltaron-una-fabrica-maniataron-a-los-empleados-y-se-llevaron-20-millones-de-pesos-en-agroquimicos","status":"publish","type":"post","link":"http:\/\/fmdelpueblo.ar\/?p=38238","title":{"rendered":"R\u00edo Negro: asaltaron una f\u00e1brica, maniataron a los empleados y se llevaron 20 millones de pesos en agroqu\u00edmicos"},"content":{"rendered":"<\/p>\n<p>Ocurri\u00f3 en un galp\u00f3n de la compa\u00f1\u00eda frut\u00edcola Zetone. Los trabajadores del lugar fueron golpeados y encerrados en una c\u00e1mara de fr\u00edo. <a href=\"https:\/\/www.perfil.com\/noticias\/policia\/rio-negro-asaltaron-una-fabrica-maniataron-a-los-empleados-y-se-llevaron-20-millones-de-pesos-en-agroquimicos.phtml\">Leer m\u00e1s<\/a><\/p>\n","protected":false},"excerpt":{"rendered":"<p>Ocurri\u00f3 en un galp\u00f3n de la compa\u00f1\u00eda frut\u00edcola Zetone. Los trabajadores del lugar fueron golpeados y encerrados en una c\u00e1mara de fr\u00edo. Leer m\u00e1s<\/p>\n","protected":false},"author":0,"featured_media":0,"comment_status":"","ping_status":"","sticky":false,"template":"","format":"standard","meta":{"footnotes":""},"categories":[1],"tags":[],"class_list":["post-38238","post","type-post","status-publish","format-standard","hentry","category-sin-categoria"],"_links":{"self":[{"href":"http:\/\/fmdelpueblo.ar\/index.php?rest_route=\/wp\/v2\/posts\/38238","targetHints":{"allow":["GET"]}}],"collection":[{"href":"http:\/\/fmdelpueblo.ar\/index.php?rest_route=\/wp\/v2\/posts"}],"about":[{"href":"http:\/\/fmdelpueblo.ar\/index.php?rest_route=\/wp\/v2\/types\/post"}],"replies":[{"embeddable":true,"href":"http:\/\/fmdelpueblo.ar\/index.php?rest_route=%2Fwp%2Fv2%2Fcomments&post=38238"}],"version-history":[{"count":0,"href":"http:\/\/fmdelpueblo.ar\/index.php?rest_route=\/wp\/v2\/posts\/38238\/revisions"}],"wp:attachment":[{"href":"http:\/\/fmdelpueblo.ar\/index.php?rest_route=%2Fwp%2Fv2%2Fmedia&parent=38238"}],"wp:term":[{"taxonomy":"category","embeddable":true,"href":"http:\/\/fmdelpueblo.ar\/index.php?rest_route=%2Fwp%2Fv2%2Fcategories&post=38238"},{"taxonomy":"post_tag","embeddable":true,"href":"http:\/\/fmdelpueblo.ar\/index.php?rest_route=%2Fwp%2Fv2%2Ftags&post=38238"}],"curies":[{"name":"wp","href":"https:\/\/api.w.org\/{rel}","templated":true}]}}