{"id":38234,"date":"2023-03-14T10:08:59","date_gmt":"2023-03-14T10:08:59","guid":{"rendered":"http:\/\/fmdelpueblo.ar\/?p=38234"},"modified":"2023-03-14T10:08:59","modified_gmt":"2023-03-14T10:08:59","slug":"moratoria-previsional-el-gobierno-la-promulgo-luego-del-cambio-de-metas-con-el-fondo","status":"publish","type":"post","link":"http:\/\/fmdelpueblo.ar\/?p=38234","title":{"rendered":"Moratoria previsional: el Gobierno la promulg\u00f3 luego del cambio de metas con el Fondo"},"content":{"rendered":"<\/p>\n<p>La decisi\u00f3n se conoci\u00f3 este martes. El FMI hab\u00eda hablado de imprevisi\u00f3n ante su aprobaci\u00f3n y motiv\u00f3 una respuesta de La C\u00e1mpora. <a href=\"https:\/\/www.perfil.com\/noticias\/politica\/moratoria-previsional-el-gobierno-la-promulgo-luego-del-cambio-de-metas-con-el-fondo.phtml\">Leer m\u00e1s<\/a><\/p>\n","protected":false},"excerpt":{"rendered":"<p>La decisi\u00f3n se conoci\u00f3 este martes. El FMI hab\u00eda hablado de imprevisi\u00f3n ante su aprobaci\u00f3n y motiv\u00f3 una respuesta de La C\u00e1mpora. Leer m\u00e1s<\/p>\n","protected":false},"author":0,"featured_media":0,"comment_status":"","ping_status":"","sticky":false,"template":"","format":"standard","meta":{"footnotes":""},"categories":[1],"tags":[],"class_list":["post-38234","post","type-post","status-publish","format-standard","hentry","category-sin-categoria"],"_links":{"self":[{"href":"http:\/\/fmdelpueblo.ar\/index.php?rest_route=\/wp\/v2\/posts\/38234","targetHints":{"allow":["GET"]}}],"collection":[{"href":"http:\/\/fmdelpueblo.ar\/index.php?rest_route=\/wp\/v2\/posts"}],"about":[{"href":"http:\/\/fmdelpueblo.ar\/index.php?rest_route=\/wp\/v2\/types\/post"}],"replies":[{"embeddable":true,"href":"http:\/\/fmdelpueblo.ar\/index.php?rest_route=%2Fwp%2Fv2%2Fcomments&post=38234"}],"version-history":[{"count":0,"href":"http:\/\/fmdelpueblo.ar\/index.php?rest_route=\/wp\/v2\/posts\/38234\/revisions"}],"wp:attachment":[{"href":"http:\/\/fmdelpueblo.ar\/index.php?rest_route=%2Fwp%2Fv2%2Fmedia&parent=38234"}],"wp:term":[{"taxonomy":"category","embeddable":true,"href":"http:\/\/fmdelpueblo.ar\/index.php?rest_route=%2Fwp%2Fv2%2Fcategories&post=38234"},{"taxonomy":"post_tag","embeddable":true,"href":"http:\/\/fmdelpueblo.ar\/index.php?rest_route=%2Fwp%2Fv2%2Ftags&post=38234"}],"curies":[{"name":"wp","href":"https:\/\/api.w.org\/{rel}","templated":true}]}}