{"id":38231,"date":"2023-03-14T09:08:55","date_gmt":"2023-03-14T09:08:55","guid":{"rendered":"https:\/\/fmdelpueblo.ar\/?p=38231"},"modified":"2023-03-14T09:08:55","modified_gmt":"2023-03-14T09:08:55","slug":"sabag-montiel-hablo-desde-la-carcel-tire-del-gatillo-y-no-salio-no-me-arrepiento","status":"publish","type":"post","link":"http:\/\/fmdelpueblo.ar\/?p=38231","title":{"rendered":"Sabag Montiel habl\u00f3 desde la c\u00e1rcel: \u00abTir\u00e9 del gatillo y no sali\u00f3. No me arrepiento\u00bb"},"content":{"rendered":"<\/p>\n<p>El joven que intent\u00f3 asesinar a Cristina Kirchner rompi\u00f3 el silencio desde la c\u00e1rcel y asegur\u00f3 que quiso matar a la vicepresidenta \u00abpor la situaci\u00f3n del pa\u00eds\u00bb. <a href=\"https:\/\/www.perfil.com\/noticias\/politica\/sabag-montiel-hablo-desde-la-carcel-tire-del-gatillo-y-no-salio-no-me-arrepiento.phtml\">Leer m\u00e1s<\/a><\/p>\n","protected":false},"excerpt":{"rendered":"<p>El joven que intent\u00f3 asesinar a Cristina Kirchner rompi\u00f3 el silencio desde la c\u00e1rcel y asegur\u00f3 que quiso matar a la vicepresidenta \u00abpor la situaci\u00f3n del pa\u00eds\u00bb. Leer m\u00e1s<\/p>\n","protected":false},"author":0,"featured_media":0,"comment_status":"","ping_status":"","sticky":false,"template":"","format":"standard","meta":{"footnotes":""},"categories":[1],"tags":[],"class_list":["post-38231","post","type-post","status-publish","format-standard","hentry","category-sin-categoria"],"_links":{"self":[{"href":"http:\/\/fmdelpueblo.ar\/index.php?rest_route=\/wp\/v2\/posts\/38231","targetHints":{"allow":["GET"]}}],"collection":[{"href":"http:\/\/fmdelpueblo.ar\/index.php?rest_route=\/wp\/v2\/posts"}],"about":[{"href":"http:\/\/fmdelpueblo.ar\/index.php?rest_route=\/wp\/v2\/types\/post"}],"replies":[{"embeddable":true,"href":"http:\/\/fmdelpueblo.ar\/index.php?rest_route=%2Fwp%2Fv2%2Fcomments&post=38231"}],"version-history":[{"count":0,"href":"http:\/\/fmdelpueblo.ar\/index.php?rest_route=\/wp\/v2\/posts\/38231\/revisions"}],"wp:attachment":[{"href":"http:\/\/fmdelpueblo.ar\/index.php?rest_route=%2Fwp%2Fv2%2Fmedia&parent=38231"}],"wp:term":[{"taxonomy":"category","embeddable":true,"href":"http:\/\/fmdelpueblo.ar\/index.php?rest_route=%2Fwp%2Fv2%2Fcategories&post=38231"},{"taxonomy":"post_tag","embeddable":true,"href":"http:\/\/fmdelpueblo.ar\/index.php?rest_route=%2Fwp%2Fv2%2Ftags&post=38231"}],"curies":[{"name":"wp","href":"https:\/\/api.w.org\/{rel}","templated":true}]}}