{"id":38227,"date":"2023-03-14T05:08:55","date_gmt":"2023-03-14T05:08:55","guid":{"rendered":"http:\/\/fmdelpueblo.ar\/?p=38227"},"modified":"2023-03-14T05:08:55","modified_gmt":"2023-03-14T05:08:55","slug":"en-los-ultimos-3-anos-los-alquileres-aumentaron-mas-del-200","status":"publish","type":"post","link":"http:\/\/fmdelpueblo.ar\/?p=38227","title":{"rendered":"En los \u00faltimos 3 a\u00f1os, los alquileres aumentaron m\u00e1s del 200%"},"content":{"rendered":"<\/p>\n<p>Desde que entrara en vigencia la Ley de Alquileres el 1 de julio de 2020, hasta el 1 de marzo \u00faltimo, los valores sumaron 32 meses de alzas. <a href=\"https:\/\/www.perfil.com\/noticias\/economia\/en-los-ultimos-3-anos-los-alquileres-aumentaron-mas-del-200.phtml\">Leer m\u00e1s<\/a><\/p>\n","protected":false},"excerpt":{"rendered":"<p>Desde que entrara en vigencia la Ley de Alquileres el 1 de julio de 2020, hasta el 1 de marzo \u00faltimo, los valores sumaron 32 meses de alzas. Leer m\u00e1s<\/p>\n","protected":false},"author":0,"featured_media":0,"comment_status":"","ping_status":"","sticky":false,"template":"","format":"standard","meta":{"footnotes":""},"categories":[1],"tags":[],"class_list":["post-38227","post","type-post","status-publish","format-standard","hentry","category-sin-categoria"],"_links":{"self":[{"href":"http:\/\/fmdelpueblo.ar\/index.php?rest_route=\/wp\/v2\/posts\/38227","targetHints":{"allow":["GET"]}}],"collection":[{"href":"http:\/\/fmdelpueblo.ar\/index.php?rest_route=\/wp\/v2\/posts"}],"about":[{"href":"http:\/\/fmdelpueblo.ar\/index.php?rest_route=\/wp\/v2\/types\/post"}],"replies":[{"embeddable":true,"href":"http:\/\/fmdelpueblo.ar\/index.php?rest_route=%2Fwp%2Fv2%2Fcomments&post=38227"}],"version-history":[{"count":0,"href":"http:\/\/fmdelpueblo.ar\/index.php?rest_route=\/wp\/v2\/posts\/38227\/revisions"}],"wp:attachment":[{"href":"http:\/\/fmdelpueblo.ar\/index.php?rest_route=%2Fwp%2Fv2%2Fmedia&parent=38227"}],"wp:term":[{"taxonomy":"category","embeddable":true,"href":"http:\/\/fmdelpueblo.ar\/index.php?rest_route=%2Fwp%2Fv2%2Fcategories&post=38227"},{"taxonomy":"post_tag","embeddable":true,"href":"http:\/\/fmdelpueblo.ar\/index.php?rest_route=%2Fwp%2Fv2%2Ftags&post=38227"}],"curies":[{"name":"wp","href":"https:\/\/api.w.org\/{rel}","templated":true}]}}