{"id":37493,"date":"2023-03-04T01:12:09","date_gmt":"2023-03-04T01:12:09","guid":{"rendered":"http:\/\/fmdelpueblo.ar\/?p=37493"},"modified":"2023-03-04T01:12:09","modified_gmt":"2023-03-04T01:12:09","slug":"para-la-oms-todas-las-teorias-sobre-el-origen-del-covid-19-siguen-sobre-la-mesa","status":"publish","type":"post","link":"http:\/\/fmdelpueblo.ar\/?p=37493","title":{"rendered":"Para la OMS, todas las teor\u00edas sobre el origen del COVID-19 siguen sobre la mesa"},"content":{"rendered":"<\/p>\n<p>Desde la Organizaci\u00f3n Mundial de la Salud (OMS) expresaron que no descartan ninguna teor\u00eda sobre el origen de la pandemia.  <a href=\"https:\/\/www.perfil.com\/noticias\/bloomberg\/bc-todas-las-teorias-sobre-origen-covid-siguen-sobre-la-mesa-oms.phtml\">Leer m\u00e1s<\/a><\/p>\n","protected":false},"excerpt":{"rendered":"<p>Desde la Organizaci\u00f3n Mundial de la Salud (OMS) expresaron que no descartan ninguna teor\u00eda sobre el origen de la pandemia. Leer m\u00e1s<\/p>\n","protected":false},"author":0,"featured_media":0,"comment_status":"","ping_status":"","sticky":false,"template":"","format":"standard","meta":{"footnotes":""},"categories":[1],"tags":[],"class_list":["post-37493","post","type-post","status-publish","format-standard","hentry","category-sin-categoria"],"_links":{"self":[{"href":"http:\/\/fmdelpueblo.ar\/index.php?rest_route=\/wp\/v2\/posts\/37493","targetHints":{"allow":["GET"]}}],"collection":[{"href":"http:\/\/fmdelpueblo.ar\/index.php?rest_route=\/wp\/v2\/posts"}],"about":[{"href":"http:\/\/fmdelpueblo.ar\/index.php?rest_route=\/wp\/v2\/types\/post"}],"replies":[{"embeddable":true,"href":"http:\/\/fmdelpueblo.ar\/index.php?rest_route=%2Fwp%2Fv2%2Fcomments&post=37493"}],"version-history":[{"count":0,"href":"http:\/\/fmdelpueblo.ar\/index.php?rest_route=\/wp\/v2\/posts\/37493\/revisions"}],"wp:attachment":[{"href":"http:\/\/fmdelpueblo.ar\/index.php?rest_route=%2Fwp%2Fv2%2Fmedia&parent=37493"}],"wp:term":[{"taxonomy":"category","embeddable":true,"href":"http:\/\/fmdelpueblo.ar\/index.php?rest_route=%2Fwp%2Fv2%2Fcategories&post=37493"},{"taxonomy":"post_tag","embeddable":true,"href":"http:\/\/fmdelpueblo.ar\/index.php?rest_route=%2Fwp%2Fv2%2Ftags&post=37493"}],"curies":[{"name":"wp","href":"https:\/\/api.w.org\/{rel}","templated":true}]}}