{"id":37492,"date":"2023-03-04T01:12:08","date_gmt":"2023-03-04T01:12:08","guid":{"rendered":"http:\/\/fmdelpueblo.ar\/?p=37492"},"modified":"2023-03-04T01:12:08","modified_gmt":"2023-03-04T01:12:08","slug":"ola-de-calor-que-significa-el-alerta-rojo-que-afecta-a-la-ciudad-y-provincia-de-buenos-aires","status":"publish","type":"post","link":"http:\/\/fmdelpueblo.ar\/?p=37492","title":{"rendered":"Ola de calor: qu\u00e9 significa el \u00abalerta rojo\u00bb que afecta a la ciudad y provincia de Buenos Aires"},"content":{"rendered":"<\/p>\n<p>\u201cEsta ola de calor est\u00e1 castigando fuertemente a la zona centro del pa\u00eds y todav\u00eda quedan varios d\u00edas iguales\u00bb, dijo el meteor\u00f3logo Alpio Costa. <a href=\"https:\/\/www.perfil.com\/noticias\/reperfilar\/ola-de-calor-hasta-cuando-continuara-el-clima-extremo.phtml\">Leer m\u00e1s<\/a><\/p>\n","protected":false},"excerpt":{"rendered":"<p>\u201cEsta ola de calor est\u00e1 castigando fuertemente a la zona centro del pa\u00eds y todav\u00eda quedan varios d\u00edas iguales\u00bb, dijo el meteor\u00f3logo Alpio Costa. Leer m\u00e1s<\/p>\n","protected":false},"author":0,"featured_media":0,"comment_status":"","ping_status":"","sticky":false,"template":"","format":"standard","meta":{"footnotes":""},"categories":[1],"tags":[],"class_list":["post-37492","post","type-post","status-publish","format-standard","hentry","category-sin-categoria"],"_links":{"self":[{"href":"http:\/\/fmdelpueblo.ar\/index.php?rest_route=\/wp\/v2\/posts\/37492","targetHints":{"allow":["GET"]}}],"collection":[{"href":"http:\/\/fmdelpueblo.ar\/index.php?rest_route=\/wp\/v2\/posts"}],"about":[{"href":"http:\/\/fmdelpueblo.ar\/index.php?rest_route=\/wp\/v2\/types\/post"}],"replies":[{"embeddable":true,"href":"http:\/\/fmdelpueblo.ar\/index.php?rest_route=%2Fwp%2Fv2%2Fcomments&post=37492"}],"version-history":[{"count":0,"href":"http:\/\/fmdelpueblo.ar\/index.php?rest_route=\/wp\/v2\/posts\/37492\/revisions"}],"wp:attachment":[{"href":"http:\/\/fmdelpueblo.ar\/index.php?rest_route=%2Fwp%2Fv2%2Fmedia&parent=37492"}],"wp:term":[{"taxonomy":"category","embeddable":true,"href":"http:\/\/fmdelpueblo.ar\/index.php?rest_route=%2Fwp%2Fv2%2Fcategories&post=37492"},{"taxonomy":"post_tag","embeddable":true,"href":"http:\/\/fmdelpueblo.ar\/index.php?rest_route=%2Fwp%2Fv2%2Ftags&post=37492"}],"curies":[{"name":"wp","href":"https:\/\/api.w.org\/{rel}","templated":true}]}}