{"id":37489,"date":"2023-03-04T01:12:07","date_gmt":"2023-03-04T01:12:07","guid":{"rendered":"http:\/\/fmdelpueblo.ar\/?p=37489"},"modified":"2023-03-04T01:12:07","modified_gmt":"2023-03-04T01:12:07","slug":"la-agenda-deportiva-del-fin-de-semana-fecha-dia-y-horario-de-los-principales-partidos-de-la-jornada","status":"publish","type":"post","link":"http:\/\/fmdelpueblo.ar\/?p=37489","title":{"rendered":"La agenda deportiva del fin de semana: fecha, d\u00eda y horario de los principales partidos de la jornada"},"content":{"rendered":"<\/p>\n<p>River Plate visitar\u00e1 a Lan\u00fas, uno de los punteros del campeonato. Demichelis tiene varios cambios en mente tras la ca\u00edda ante Arsenal en el M\u00e1s Monumental. <a href=\"https:\/\/www.perfil.com\/noticias\/reperfilar\/la-agenda-deportiva-del-fin-de-semana-fecha-dia-y-horario-de-los-principales-partidos-de-la-jornada.phtml\">Leer m\u00e1s<\/a><\/p>\n","protected":false},"excerpt":{"rendered":"<p>River Plate visitar\u00e1 a Lan\u00fas, uno de los punteros del campeonato. Demichelis tiene varios cambios en mente tras la ca\u00edda ante Arsenal en el M\u00e1s Monumental. Leer m\u00e1s<\/p>\n","protected":false},"author":0,"featured_media":0,"comment_status":"","ping_status":"","sticky":false,"template":"","format":"standard","meta":{"footnotes":""},"categories":[1],"tags":[],"class_list":["post-37489","post","type-post","status-publish","format-standard","hentry","category-sin-categoria"],"_links":{"self":[{"href":"http:\/\/fmdelpueblo.ar\/index.php?rest_route=\/wp\/v2\/posts\/37489","targetHints":{"allow":["GET"]}}],"collection":[{"href":"http:\/\/fmdelpueblo.ar\/index.php?rest_route=\/wp\/v2\/posts"}],"about":[{"href":"http:\/\/fmdelpueblo.ar\/index.php?rest_route=\/wp\/v2\/types\/post"}],"replies":[{"embeddable":true,"href":"http:\/\/fmdelpueblo.ar\/index.php?rest_route=%2Fwp%2Fv2%2Fcomments&post=37489"}],"version-history":[{"count":0,"href":"http:\/\/fmdelpueblo.ar\/index.php?rest_route=\/wp\/v2\/posts\/37489\/revisions"}],"wp:attachment":[{"href":"http:\/\/fmdelpueblo.ar\/index.php?rest_route=%2Fwp%2Fv2%2Fmedia&parent=37489"}],"wp:term":[{"taxonomy":"category","embeddable":true,"href":"http:\/\/fmdelpueblo.ar\/index.php?rest_route=%2Fwp%2Fv2%2Fcategories&post=37489"},{"taxonomy":"post_tag","embeddable":true,"href":"http:\/\/fmdelpueblo.ar\/index.php?rest_route=%2Fwp%2Fv2%2Ftags&post=37489"}],"curies":[{"name":"wp","href":"https:\/\/api.w.org\/{rel}","templated":true}]}}