{"id":37484,"date":"2023-03-03T23:18:58","date_gmt":"2023-03-03T23:18:58","guid":{"rendered":"https:\/\/fmdelpueblo.ar\/?p=37484"},"modified":"2023-03-03T23:18:58","modified_gmt":"2023-03-03T23:18:58","slug":"con-los-cancilleres-del-g20-cafiero-alerto-sobre-la-escalada-nuclear-de-la-guerra-en-ucrania","status":"publish","type":"post","link":"http:\/\/fmdelpueblo.ar\/?p=37484","title":{"rendered":"Con los cancilleres del G20, Cafiero alert\u00f3 sobre la escalada nuclear de la guerra en Ucrania"},"content":{"rendered":"<\/p>\n<p>Durante la cumbre de ministros de relaciones exteriores en la India, Cafiero tambi\u00e9n destac\u00f3 la necesidad de un mayor financiamiento global para los pa\u00edses en desarrollo. Adem\u00e1s, critic\u00f3 las distorsiones del comercio agr\u00edcola mundial y sus consecuencias sobre la seguridad alimentaria. <a href=\"https:\/\/www.perfil.com\/noticias\/politica\/g20-cafiero-alerto-sobre-la-escalada-nuclear-de-la-guerra.phtml\">Leer m\u00e1s<\/a><\/p>\n","protected":false},"excerpt":{"rendered":"<p>Durante la cumbre de ministros de relaciones exteriores en la India, Cafiero tambi\u00e9n destac\u00f3 la necesidad de un mayor financiamiento global para los pa\u00edses en desarrollo. Adem\u00e1s, critic\u00f3 las distorsiones del comercio agr\u00edcola mundial y sus consecuencias sobre la seguridad alimentaria. Leer m\u00e1s<\/p>\n","protected":false},"author":0,"featured_media":0,"comment_status":"","ping_status":"","sticky":false,"template":"","format":"standard","meta":{"footnotes":""},"categories":[1],"tags":[],"class_list":["post-37484","post","type-post","status-publish","format-standard","hentry","category-sin-categoria"],"_links":{"self":[{"href":"http:\/\/fmdelpueblo.ar\/index.php?rest_route=\/wp\/v2\/posts\/37484","targetHints":{"allow":["GET"]}}],"collection":[{"href":"http:\/\/fmdelpueblo.ar\/index.php?rest_route=\/wp\/v2\/posts"}],"about":[{"href":"http:\/\/fmdelpueblo.ar\/index.php?rest_route=\/wp\/v2\/types\/post"}],"replies":[{"embeddable":true,"href":"http:\/\/fmdelpueblo.ar\/index.php?rest_route=%2Fwp%2Fv2%2Fcomments&post=37484"}],"version-history":[{"count":0,"href":"http:\/\/fmdelpueblo.ar\/index.php?rest_route=\/wp\/v2\/posts\/37484\/revisions"}],"wp:attachment":[{"href":"http:\/\/fmdelpueblo.ar\/index.php?rest_route=%2Fwp%2Fv2%2Fmedia&parent=37484"}],"wp:term":[{"taxonomy":"category","embeddable":true,"href":"http:\/\/fmdelpueblo.ar\/index.php?rest_route=%2Fwp%2Fv2%2Fcategories&post=37484"},{"taxonomy":"post_tag","embeddable":true,"href":"http:\/\/fmdelpueblo.ar\/index.php?rest_route=%2Fwp%2Fv2%2Ftags&post=37484"}],"curies":[{"name":"wp","href":"https:\/\/api.w.org\/{rel}","templated":true}]}}