{"id":37483,"date":"2023-03-03T22:09:56","date_gmt":"2023-03-03T22:09:56","guid":{"rendered":"https:\/\/fmdelpueblo.ar\/?p=37483"},"modified":"2023-03-03T22:09:56","modified_gmt":"2023-03-03T22:09:56","slug":"record-turistico-viajaron-mas-de-33-millones-de-personas-en-la-temporada-2023","status":"publish","type":"post","link":"http:\/\/fmdelpueblo.ar\/?p=37483","title":{"rendered":"R\u00e9cord tur\u00edstico: viajaron m\u00e1s de 33 millones de personas en la temporada 2023"},"content":{"rendered":"<\/p>\n<p>Comparada con la del 2022, que hab\u00eda sido r\u00e9cord, la cantidad de turistas creci\u00f3 en cantidad y gastos en valores constantes. <a href=\"https:\/\/www.perfil.com\/noticias\/economia\/record-turistico-viajaron-338-millones-de-personas-en-la-temporada-2023.phtml\">Leer m\u00e1s<\/a><\/p>\n","protected":false},"excerpt":{"rendered":"<p>Comparada con la del 2022, que hab\u00eda sido r\u00e9cord, la cantidad de turistas creci\u00f3 en cantidad y gastos en valores constantes. Leer m\u00e1s<\/p>\n","protected":false},"author":0,"featured_media":0,"comment_status":"","ping_status":"","sticky":false,"template":"","format":"standard","meta":{"footnotes":""},"categories":[1],"tags":[],"class_list":["post-37483","post","type-post","status-publish","format-standard","hentry","category-sin-categoria"],"_links":{"self":[{"href":"http:\/\/fmdelpueblo.ar\/index.php?rest_route=\/wp\/v2\/posts\/37483","targetHints":{"allow":["GET"]}}],"collection":[{"href":"http:\/\/fmdelpueblo.ar\/index.php?rest_route=\/wp\/v2\/posts"}],"about":[{"href":"http:\/\/fmdelpueblo.ar\/index.php?rest_route=\/wp\/v2\/types\/post"}],"replies":[{"embeddable":true,"href":"http:\/\/fmdelpueblo.ar\/index.php?rest_route=%2Fwp%2Fv2%2Fcomments&post=37483"}],"version-history":[{"count":0,"href":"http:\/\/fmdelpueblo.ar\/index.php?rest_route=\/wp\/v2\/posts\/37483\/revisions"}],"wp:attachment":[{"href":"http:\/\/fmdelpueblo.ar\/index.php?rest_route=%2Fwp%2Fv2%2Fmedia&parent=37483"}],"wp:term":[{"taxonomy":"category","embeddable":true,"href":"http:\/\/fmdelpueblo.ar\/index.php?rest_route=%2Fwp%2Fv2%2Fcategories&post=37483"},{"taxonomy":"post_tag","embeddable":true,"href":"http:\/\/fmdelpueblo.ar\/index.php?rest_route=%2Fwp%2Fv2%2Ftags&post=37483"}],"curies":[{"name":"wp","href":"https:\/\/api.w.org\/{rel}","templated":true}]}}