{"id":37482,"date":"2023-03-03T22:09:54","date_gmt":"2023-03-03T22:09:54","guid":{"rendered":"https:\/\/fmdelpueblo.ar\/?p=37482"},"modified":"2023-03-03T22:09:54","modified_gmt":"2023-03-03T22:09:54","slug":"gustavo-petro-pidio-a-la-fiscalia-que-investigue-a-su-hijo-y-a-su-hermano","status":"publish","type":"post","link":"http:\/\/fmdelpueblo.ar\/?p=37482","title":{"rendered":"Gustavo Petro pidi\u00f3 a la Fiscal\u00eda que investigue a su hijo y a su hermano"},"content":{"rendered":"<\/p>\n<p>Nicol\u00e1s Petro fue acusado por su ex exposa de recibir m\u00e1s de 1.000 millones de pesos (US$209.000) durante la campa\u00f1a presidencial del a\u00f1o pasado. <a href=\"https:\/\/www.perfil.com\/noticias\/bloomberg\/bc-presidente-de-colombia-pide-a-fiscalia-que-investigue-a-su-hijo.phtml\">Leer m\u00e1s<\/a><\/p>\n","protected":false},"excerpt":{"rendered":"<p>Nicol\u00e1s Petro fue acusado por su ex exposa de recibir m\u00e1s de 1.000 millones de pesos (US$209.000) durante la campa\u00f1a presidencial del a\u00f1o pasado. Leer m\u00e1s<\/p>\n","protected":false},"author":0,"featured_media":0,"comment_status":"","ping_status":"","sticky":false,"template":"","format":"standard","meta":{"footnotes":""},"categories":[1],"tags":[],"class_list":["post-37482","post","type-post","status-publish","format-standard","hentry","category-sin-categoria"],"_links":{"self":[{"href":"http:\/\/fmdelpueblo.ar\/index.php?rest_route=\/wp\/v2\/posts\/37482","targetHints":{"allow":["GET"]}}],"collection":[{"href":"http:\/\/fmdelpueblo.ar\/index.php?rest_route=\/wp\/v2\/posts"}],"about":[{"href":"http:\/\/fmdelpueblo.ar\/index.php?rest_route=\/wp\/v2\/types\/post"}],"replies":[{"embeddable":true,"href":"http:\/\/fmdelpueblo.ar\/index.php?rest_route=%2Fwp%2Fv2%2Fcomments&post=37482"}],"version-history":[{"count":0,"href":"http:\/\/fmdelpueblo.ar\/index.php?rest_route=\/wp\/v2\/posts\/37482\/revisions"}],"wp:attachment":[{"href":"http:\/\/fmdelpueblo.ar\/index.php?rest_route=%2Fwp%2Fv2%2Fmedia&parent=37482"}],"wp:term":[{"taxonomy":"category","embeddable":true,"href":"http:\/\/fmdelpueblo.ar\/index.php?rest_route=%2Fwp%2Fv2%2Fcategories&post=37482"},{"taxonomy":"post_tag","embeddable":true,"href":"http:\/\/fmdelpueblo.ar\/index.php?rest_route=%2Fwp%2Fv2%2Ftags&post=37482"}],"curies":[{"name":"wp","href":"https:\/\/api.w.org\/{rel}","templated":true}]}}