{"id":37479,"date":"2023-03-03T21:09:34","date_gmt":"2023-03-03T21:09:34","guid":{"rendered":"http:\/\/fmdelpueblo.ar\/?p=37479"},"modified":"2023-03-03T21:09:34","modified_gmt":"2023-03-03T21:09:34","slug":"larroque-lanza-un-nuevo-espacio-para-pedir-por-la-candidatura-de-cristina-kirchner","status":"publish","type":"post","link":"http:\/\/fmdelpueblo.ar\/?p=37479","title":{"rendered":"Larroque lanza un nuevo espacio para pedir por la candidatura de Cristina Kirchner"},"content":{"rendered":"<\/p>\n<p>El ministro de Desarrollo de la Comunidad organiz\u00f3 un acto contra la proscripci\u00f3n de la vice, donde pedir\u00e1 su candidatura. <a href=\"https:\/\/www.perfil.com\/noticias\/politica\/larroque-lanza-un-nuevo-espacio-para-pedir-por-la-candidatura-de-cristina-kirchner.phtml\">Leer m\u00e1s<\/a><\/p>\n","protected":false},"excerpt":{"rendered":"<p>El ministro de Desarrollo de la Comunidad organiz\u00f3 un acto contra la proscripci\u00f3n de la vice, donde pedir\u00e1 su candidatura. Leer m\u00e1s<\/p>\n","protected":false},"author":0,"featured_media":0,"comment_status":"","ping_status":"","sticky":false,"template":"","format":"standard","meta":{"footnotes":""},"categories":[1],"tags":[],"class_list":["post-37479","post","type-post","status-publish","format-standard","hentry","category-sin-categoria"],"_links":{"self":[{"href":"http:\/\/fmdelpueblo.ar\/index.php?rest_route=\/wp\/v2\/posts\/37479","targetHints":{"allow":["GET"]}}],"collection":[{"href":"http:\/\/fmdelpueblo.ar\/index.php?rest_route=\/wp\/v2\/posts"}],"about":[{"href":"http:\/\/fmdelpueblo.ar\/index.php?rest_route=\/wp\/v2\/types\/post"}],"replies":[{"embeddable":true,"href":"http:\/\/fmdelpueblo.ar\/index.php?rest_route=%2Fwp%2Fv2%2Fcomments&post=37479"}],"version-history":[{"count":0,"href":"http:\/\/fmdelpueblo.ar\/index.php?rest_route=\/wp\/v2\/posts\/37479\/revisions"}],"wp:attachment":[{"href":"http:\/\/fmdelpueblo.ar\/index.php?rest_route=%2Fwp%2Fv2%2Fmedia&parent=37479"}],"wp:term":[{"taxonomy":"category","embeddable":true,"href":"http:\/\/fmdelpueblo.ar\/index.php?rest_route=%2Fwp%2Fv2%2Fcategories&post=37479"},{"taxonomy":"post_tag","embeddable":true,"href":"http:\/\/fmdelpueblo.ar\/index.php?rest_route=%2Fwp%2Fv2%2Ftags&post=37479"}],"curies":[{"name":"wp","href":"https:\/\/api.w.org\/{rel}","templated":true}]}}