{"id":37478,"date":"2023-03-03T21:09:33","date_gmt":"2023-03-03T21:09:33","guid":{"rendered":"http:\/\/fmdelpueblo.ar\/?p=37478"},"modified":"2023-03-03T21:09:33","modified_gmt":"2023-03-03T21:09:33","slug":"un-mar-de-lagrimas-el-papa-francisco-rezo-por-la-tragedia-migratoria-en-las-costas-europeas","status":"publish","type":"post","link":"http:\/\/fmdelpueblo.ar\/?p=37478","title":{"rendered":"\u00abUn mar de l\u00e1grimas\u00bb: el papa Francisco rez\u00f3 por la tragedia migratoria en las costas europeas"},"content":{"rendered":"<\/p>\n<p>El sumo pont\u00edfice dedic\u00f3 gran parte de la semana a visibilizar las \u00abtragedias y dramas del mundo\u00bb, seg\u00fan consta en la \u00faltima edici\u00f3n del semanario distribuido por el Vaticano. <a href=\"https:\/\/www.perfil.com\/noticias\/internacional\/un-mar-de-lagrimas-el-papa-francisco-oro-por-la-tragedia-migratoria-en-europa.phtml\">Leer m\u00e1s<\/a><\/p>\n","protected":false},"excerpt":{"rendered":"<p>El sumo pont\u00edfice dedic\u00f3 gran parte de la semana a visibilizar las \u00abtragedias y dramas del mundo\u00bb, seg\u00fan consta en la \u00faltima edici\u00f3n del semanario distribuido por el Vaticano. Leer m\u00e1s<\/p>\n","protected":false},"author":0,"featured_media":0,"comment_status":"","ping_status":"","sticky":false,"template":"","format":"standard","meta":{"footnotes":""},"categories":[1],"tags":[],"class_list":["post-37478","post","type-post","status-publish","format-standard","hentry","category-sin-categoria"],"_links":{"self":[{"href":"http:\/\/fmdelpueblo.ar\/index.php?rest_route=\/wp\/v2\/posts\/37478","targetHints":{"allow":["GET"]}}],"collection":[{"href":"http:\/\/fmdelpueblo.ar\/index.php?rest_route=\/wp\/v2\/posts"}],"about":[{"href":"http:\/\/fmdelpueblo.ar\/index.php?rest_route=\/wp\/v2\/types\/post"}],"replies":[{"embeddable":true,"href":"http:\/\/fmdelpueblo.ar\/index.php?rest_route=%2Fwp%2Fv2%2Fcomments&post=37478"}],"version-history":[{"count":0,"href":"http:\/\/fmdelpueblo.ar\/index.php?rest_route=\/wp\/v2\/posts\/37478\/revisions"}],"wp:attachment":[{"href":"http:\/\/fmdelpueblo.ar\/index.php?rest_route=%2Fwp%2Fv2%2Fmedia&parent=37478"}],"wp:term":[{"taxonomy":"category","embeddable":true,"href":"http:\/\/fmdelpueblo.ar\/index.php?rest_route=%2Fwp%2Fv2%2Fcategories&post=37478"},{"taxonomy":"post_tag","embeddable":true,"href":"http:\/\/fmdelpueblo.ar\/index.php?rest_route=%2Fwp%2Fv2%2Ftags&post=37478"}],"curies":[{"name":"wp","href":"https:\/\/api.w.org\/{rel}","templated":true}]}}