{"id":37476,"date":"2023-03-03T20:11:40","date_gmt":"2023-03-03T20:11:40","guid":{"rendered":"https:\/\/fmdelpueblo.ar\/?p=37476"},"modified":"2023-03-03T20:11:40","modified_gmt":"2023-03-03T20:11:40","slug":"el-avion-de-messi-aterrizo-en-rosario-y-genero-todo-tipo-de-especulaciones","status":"publish","type":"post","link":"http:\/\/fmdelpueblo.ar\/?p=37476","title":{"rendered":"El avi\u00f3n de Messi aterriz\u00f3 en Rosario y gener\u00f3 todo tipo de especulaciones"},"content":{"rendered":"<\/p>\n<p>La aeronave fue vista en el aeropuerto de esta provincia, pero desde la terminal aclararon que se trat\u00f3 s\u00f3lo de una parada t\u00e9cnica y que no trasladaron a ning\u00fan pasajero.  <a href=\"https:\/\/www.perfil.com\/noticias\/actualidad\/el-avion-de-messi-aterrizo-en-rosario-y-genero-todo-tipo-de-especulaciones.phtml\">Leer m\u00e1s<\/a><\/p>\n","protected":false},"excerpt":{"rendered":"<p>La aeronave fue vista en el aeropuerto de esta provincia, pero desde la terminal aclararon que se trat\u00f3 s\u00f3lo de una parada t\u00e9cnica y que no trasladaron a ning\u00fan pasajero. Leer m\u00e1s<\/p>\n","protected":false},"author":0,"featured_media":0,"comment_status":"","ping_status":"","sticky":false,"template":"","format":"standard","meta":{"footnotes":""},"categories":[1],"tags":[],"class_list":["post-37476","post","type-post","status-publish","format-standard","hentry","category-sin-categoria"],"_links":{"self":[{"href":"http:\/\/fmdelpueblo.ar\/index.php?rest_route=\/wp\/v2\/posts\/37476","targetHints":{"allow":["GET"]}}],"collection":[{"href":"http:\/\/fmdelpueblo.ar\/index.php?rest_route=\/wp\/v2\/posts"}],"about":[{"href":"http:\/\/fmdelpueblo.ar\/index.php?rest_route=\/wp\/v2\/types\/post"}],"replies":[{"embeddable":true,"href":"http:\/\/fmdelpueblo.ar\/index.php?rest_route=%2Fwp%2Fv2%2Fcomments&post=37476"}],"version-history":[{"count":0,"href":"http:\/\/fmdelpueblo.ar\/index.php?rest_route=\/wp\/v2\/posts\/37476\/revisions"}],"wp:attachment":[{"href":"http:\/\/fmdelpueblo.ar\/index.php?rest_route=%2Fwp%2Fv2%2Fmedia&parent=37476"}],"wp:term":[{"taxonomy":"category","embeddable":true,"href":"http:\/\/fmdelpueblo.ar\/index.php?rest_route=%2Fwp%2Fv2%2Fcategories&post=37476"},{"taxonomy":"post_tag","embeddable":true,"href":"http:\/\/fmdelpueblo.ar\/index.php?rest_route=%2Fwp%2Fv2%2Ftags&post=37476"}],"curies":[{"name":"wp","href":"https:\/\/api.w.org\/{rel}","templated":true}]}}