{"id":37472,"date":"2023-03-03T20:11:38","date_gmt":"2023-03-03T20:11:38","guid":{"rendered":"https:\/\/fmdelpueblo.ar\/?p=37472"},"modified":"2023-03-03T20:11:38","modified_gmt":"2023-03-03T20:11:38","slug":"efecto-sequia-estiman-perdidas-por-mas-de-us-20-000-millones-en-exportaciones-del-campo","status":"publish","type":"post","link":"http:\/\/fmdelpueblo.ar\/?p=37472","title":{"rendered":"Efecto sequ\u00eda: estiman p\u00e9rdidas por m\u00e1s de US$ 20.000 millones en exportaciones del campo"},"content":{"rendered":"<\/p>\n<p>Al prolongado d\u00e9ficit h\u00eddrico se le sum\u00f3 una inesperada helada que afect\u00f3 a 1,90 mill\u00f3n de hect\u00e1reas en pleno ciclo de desarrollo de cultivos. <a href=\"https:\/\/www.perfil.com\/noticias\/economia\/efecto-sequia-se-perderan-mas-de-us-20000-millones-por-menos-exportaciones-del-campo.phtml\">Leer m\u00e1s<\/a><\/p>\n","protected":false},"excerpt":{"rendered":"<p>Al prolongado d\u00e9ficit h\u00eddrico se le sum\u00f3 una inesperada helada que afect\u00f3 a 1,90 mill\u00f3n de hect\u00e1reas en pleno ciclo de desarrollo de cultivos. Leer m\u00e1s<\/p>\n","protected":false},"author":0,"featured_media":0,"comment_status":"","ping_status":"","sticky":false,"template":"","format":"standard","meta":{"footnotes":""},"categories":[1],"tags":[],"class_list":["post-37472","post","type-post","status-publish","format-standard","hentry","category-sin-categoria"],"_links":{"self":[{"href":"http:\/\/fmdelpueblo.ar\/index.php?rest_route=\/wp\/v2\/posts\/37472","targetHints":{"allow":["GET"]}}],"collection":[{"href":"http:\/\/fmdelpueblo.ar\/index.php?rest_route=\/wp\/v2\/posts"}],"about":[{"href":"http:\/\/fmdelpueblo.ar\/index.php?rest_route=\/wp\/v2\/types\/post"}],"replies":[{"embeddable":true,"href":"http:\/\/fmdelpueblo.ar\/index.php?rest_route=%2Fwp%2Fv2%2Fcomments&post=37472"}],"version-history":[{"count":0,"href":"http:\/\/fmdelpueblo.ar\/index.php?rest_route=\/wp\/v2\/posts\/37472\/revisions"}],"wp:attachment":[{"href":"http:\/\/fmdelpueblo.ar\/index.php?rest_route=%2Fwp%2Fv2%2Fmedia&parent=37472"}],"wp:term":[{"taxonomy":"category","embeddable":true,"href":"http:\/\/fmdelpueblo.ar\/index.php?rest_route=%2Fwp%2Fv2%2Fcategories&post=37472"},{"taxonomy":"post_tag","embeddable":true,"href":"http:\/\/fmdelpueblo.ar\/index.php?rest_route=%2Fwp%2Fv2%2Ftags&post=37472"}],"curies":[{"name":"wp","href":"https:\/\/api.w.org\/{rel}","templated":true}]}}