{"id":37471,"date":"2023-03-03T19:12:47","date_gmt":"2023-03-03T19:12:47","guid":{"rendered":"https:\/\/fmdelpueblo.ar\/?p=37471"},"modified":"2023-03-03T19:12:47","modified_gmt":"2023-03-03T19:12:47","slug":"con-capucha-guantes-y-barbijo-asi-actuo-el-tirador-que-baleo-el-supermercado-de-los-suegros-de-messi","status":"publish","type":"post","link":"http:\/\/fmdelpueblo.ar\/?p=37471","title":{"rendered":"Con capucha, guantes y barbijo: as\u00ed actu\u00f3 el tirador que bale\u00f3 el supermercado de los suegros de Messi"},"content":{"rendered":"<\/p>\n<p>Los investigadores del caso analizaron la vestimenta del hombre y coinciden en que existi\u00f3 premeditaci\u00f3n para ejecutar el ataque. <a href=\"https:\/\/www.perfil.com\/noticias\/policia\/con-capucha-guantes-y-barbijo-asi-actuo-el-tirador-que-baleo-el-supermercado-de-los-suegros-de-messi.phtml\">Leer m\u00e1s<\/a><\/p>\n","protected":false},"excerpt":{"rendered":"<p>Los investigadores del caso analizaron la vestimenta del hombre y coinciden en que existi\u00f3 premeditaci\u00f3n para ejecutar el ataque. Leer m\u00e1s<\/p>\n","protected":false},"author":0,"featured_media":0,"comment_status":"","ping_status":"","sticky":false,"template":"","format":"standard","meta":{"footnotes":""},"categories":[1],"tags":[],"class_list":["post-37471","post","type-post","status-publish","format-standard","hentry","category-sin-categoria"],"_links":{"self":[{"href":"http:\/\/fmdelpueblo.ar\/index.php?rest_route=\/wp\/v2\/posts\/37471","targetHints":{"allow":["GET"]}}],"collection":[{"href":"http:\/\/fmdelpueblo.ar\/index.php?rest_route=\/wp\/v2\/posts"}],"about":[{"href":"http:\/\/fmdelpueblo.ar\/index.php?rest_route=\/wp\/v2\/types\/post"}],"replies":[{"embeddable":true,"href":"http:\/\/fmdelpueblo.ar\/index.php?rest_route=%2Fwp%2Fv2%2Fcomments&post=37471"}],"version-history":[{"count":0,"href":"http:\/\/fmdelpueblo.ar\/index.php?rest_route=\/wp\/v2\/posts\/37471\/revisions"}],"wp:attachment":[{"href":"http:\/\/fmdelpueblo.ar\/index.php?rest_route=%2Fwp%2Fv2%2Fmedia&parent=37471"}],"wp:term":[{"taxonomy":"category","embeddable":true,"href":"http:\/\/fmdelpueblo.ar\/index.php?rest_route=%2Fwp%2Fv2%2Fcategories&post=37471"},{"taxonomy":"post_tag","embeddable":true,"href":"http:\/\/fmdelpueblo.ar\/index.php?rest_route=%2Fwp%2Fv2%2Ftags&post=37471"}],"curies":[{"name":"wp","href":"https:\/\/api.w.org\/{rel}","templated":true}]}}