{"id":37470,"date":"2023-03-03T19:12:47","date_gmt":"2023-03-03T19:12:47","guid":{"rendered":"https:\/\/fmdelpueblo.ar\/?p=37470"},"modified":"2023-03-03T19:12:47","modified_gmt":"2023-03-03T19:12:47","slug":"el-gobierno-y-el-fmi-siguen-definiendo-las-nuevas-metas-del-acuerdo","status":"publish","type":"post","link":"http:\/\/fmdelpueblo.ar\/?p=37470","title":{"rendered":"El Gobierno y el FMI siguen definiendo las nuevas metas del acuerdo"},"content":{"rendered":"<\/p>\n<p>Funcionarios del ministerio de Econom\u00eda y el organismo de cr\u00e9dito contin\u00faan evaluando los efectos de la sequ\u00eda sobre las reservas de divisas. <a href=\"https:\/\/www.perfil.com\/noticias\/economia\/el-gobierno-y-el-fmi-siguen-definiendo-las-nuevas-metas-del-acuerdo.phtml\">Leer m\u00e1s<\/a><\/p>\n","protected":false},"excerpt":{"rendered":"<p>Funcionarios del ministerio de Econom\u00eda y el organismo de cr\u00e9dito contin\u00faan evaluando los efectos de la sequ\u00eda sobre las reservas de divisas. Leer m\u00e1s<\/p>\n","protected":false},"author":0,"featured_media":0,"comment_status":"","ping_status":"","sticky":false,"template":"","format":"standard","meta":{"footnotes":""},"categories":[1],"tags":[],"class_list":["post-37470","post","type-post","status-publish","format-standard","hentry","category-sin-categoria"],"_links":{"self":[{"href":"http:\/\/fmdelpueblo.ar\/index.php?rest_route=\/wp\/v2\/posts\/37470","targetHints":{"allow":["GET"]}}],"collection":[{"href":"http:\/\/fmdelpueblo.ar\/index.php?rest_route=\/wp\/v2\/posts"}],"about":[{"href":"http:\/\/fmdelpueblo.ar\/index.php?rest_route=\/wp\/v2\/types\/post"}],"replies":[{"embeddable":true,"href":"http:\/\/fmdelpueblo.ar\/index.php?rest_route=%2Fwp%2Fv2%2Fcomments&post=37470"}],"version-history":[{"count":0,"href":"http:\/\/fmdelpueblo.ar\/index.php?rest_route=\/wp\/v2\/posts\/37470\/revisions"}],"wp:attachment":[{"href":"http:\/\/fmdelpueblo.ar\/index.php?rest_route=%2Fwp%2Fv2%2Fmedia&parent=37470"}],"wp:term":[{"taxonomy":"category","embeddable":true,"href":"http:\/\/fmdelpueblo.ar\/index.php?rest_route=%2Fwp%2Fv2%2Fcategories&post=37470"},{"taxonomy":"post_tag","embeddable":true,"href":"http:\/\/fmdelpueblo.ar\/index.php?rest_route=%2Fwp%2Fv2%2Ftags&post=37470"}],"curies":[{"name":"wp","href":"https:\/\/api.w.org\/{rel}","templated":true}]}}