{"id":37456,"date":"2023-03-03T16:17:12","date_gmt":"2023-03-03T16:17:12","guid":{"rendered":"https:\/\/fmdelpueblo.ar\/?p=37456"},"modified":"2023-03-03T16:17:12","modified_gmt":"2023-03-03T16:17:12","slug":"que-biocombustibles-aumentan-un-5","status":"publish","type":"post","link":"http:\/\/fmdelpueblo.ar\/?p=37456","title":{"rendered":"\u00bfQu\u00e9 biocombustibles aumentan un 5%?"},"content":{"rendered":"<\/p>\n<p>La Resoluci\u00f3n 115\/2023 de la Secretar\u00eda de Energ\u00eda se public\u00f3 este viernes en el Bolet\u00edn Oficial y contempla el nuevo aumento determinado por el Gobierno. Pero no es para todos los biocombustibles.  <a href=\"https:\/\/www.perfil.com\/noticias\/economia\/que-biocombustibles-aumentan-un-5.phtml\">Leer m\u00e1s<\/a><\/p>\n","protected":false},"excerpt":{"rendered":"<p>La Resoluci\u00f3n 115\/2023 de la Secretar\u00eda de Energ\u00eda se public\u00f3 este viernes en el Bolet\u00edn Oficial y contempla el nuevo aumento determinado por el Gobierno. Pero no es para todos los biocombustibles. Leer m\u00e1s<\/p>\n","protected":false},"author":0,"featured_media":0,"comment_status":"","ping_status":"","sticky":false,"template":"","format":"standard","meta":{"footnotes":""},"categories":[1],"tags":[],"class_list":["post-37456","post","type-post","status-publish","format-standard","hentry","category-sin-categoria"],"_links":{"self":[{"href":"http:\/\/fmdelpueblo.ar\/index.php?rest_route=\/wp\/v2\/posts\/37456","targetHints":{"allow":["GET"]}}],"collection":[{"href":"http:\/\/fmdelpueblo.ar\/index.php?rest_route=\/wp\/v2\/posts"}],"about":[{"href":"http:\/\/fmdelpueblo.ar\/index.php?rest_route=\/wp\/v2\/types\/post"}],"replies":[{"embeddable":true,"href":"http:\/\/fmdelpueblo.ar\/index.php?rest_route=%2Fwp%2Fv2%2Fcomments&post=37456"}],"version-history":[{"count":0,"href":"http:\/\/fmdelpueblo.ar\/index.php?rest_route=\/wp\/v2\/posts\/37456\/revisions"}],"wp:attachment":[{"href":"http:\/\/fmdelpueblo.ar\/index.php?rest_route=%2Fwp%2Fv2%2Fmedia&parent=37456"}],"wp:term":[{"taxonomy":"category","embeddable":true,"href":"http:\/\/fmdelpueblo.ar\/index.php?rest_route=%2Fwp%2Fv2%2Fcategories&post=37456"},{"taxonomy":"post_tag","embeddable":true,"href":"http:\/\/fmdelpueblo.ar\/index.php?rest_route=%2Fwp%2Fv2%2Ftags&post=37456"}],"curies":[{"name":"wp","href":"https:\/\/api.w.org\/{rel}","templated":true}]}}