{"id":37455,"date":"2023-03-03T16:17:11","date_gmt":"2023-03-03T16:17:11","guid":{"rendered":"https:\/\/fmdelpueblo.ar\/?p=37455"},"modified":"2023-03-03T16:17:11","modified_gmt":"2023-03-03T16:17:11","slug":"omar-perotti-se-reunio-con-wado-de-pedro-para-reforzar-la-seguridad-tras-la-amenaza-a-messi","status":"publish","type":"post","link":"http:\/\/fmdelpueblo.ar\/?p=37455","title":{"rendered":"Omar Perotti se reuni\u00f3 con Wado de Pedro para reforzar la seguridad tras la amenaza a Messi"},"content":{"rendered":"<\/p>\n<p>En su viaje a Buenos Aires, el gobernador de Santa Fe consigui\u00f3 la habilitaci\u00f3n de reconocimiento facial y 600 c\u00e1maras para reforzar la seguridad en Rosario tras el ataque mafioso contra el supermercado de la familia de Antonela Rocuzzo.  <a href=\"https:\/\/www.perfil.com\/noticias\/actualidad\/tras-la-amenaza-a-messi-el-gobernador-de-santa-fe-esta-reunido-con-wado-de-pedro-y-agustin-rossi.phtml\">Leer m\u00e1s<\/a><\/p>\n","protected":false},"excerpt":{"rendered":"<p>En su viaje a Buenos Aires, el gobernador de Santa Fe consigui\u00f3 la habilitaci\u00f3n de reconocimiento facial y 600 c\u00e1maras para reforzar la seguridad en Rosario tras el ataque mafioso contra el supermercado de la familia de Antonela Rocuzzo. Leer m\u00e1s<\/p>\n","protected":false},"author":0,"featured_media":0,"comment_status":"","ping_status":"","sticky":false,"template":"","format":"standard","meta":{"footnotes":""},"categories":[1],"tags":[],"class_list":["post-37455","post","type-post","status-publish","format-standard","hentry","category-sin-categoria"],"_links":{"self":[{"href":"http:\/\/fmdelpueblo.ar\/index.php?rest_route=\/wp\/v2\/posts\/37455","targetHints":{"allow":["GET"]}}],"collection":[{"href":"http:\/\/fmdelpueblo.ar\/index.php?rest_route=\/wp\/v2\/posts"}],"about":[{"href":"http:\/\/fmdelpueblo.ar\/index.php?rest_route=\/wp\/v2\/types\/post"}],"replies":[{"embeddable":true,"href":"http:\/\/fmdelpueblo.ar\/index.php?rest_route=%2Fwp%2Fv2%2Fcomments&post=37455"}],"version-history":[{"count":0,"href":"http:\/\/fmdelpueblo.ar\/index.php?rest_route=\/wp\/v2\/posts\/37455\/revisions"}],"wp:attachment":[{"href":"http:\/\/fmdelpueblo.ar\/index.php?rest_route=%2Fwp%2Fv2%2Fmedia&parent=37455"}],"wp:term":[{"taxonomy":"category","embeddable":true,"href":"http:\/\/fmdelpueblo.ar\/index.php?rest_route=%2Fwp%2Fv2%2Fcategories&post=37455"},{"taxonomy":"post_tag","embeddable":true,"href":"http:\/\/fmdelpueblo.ar\/index.php?rest_route=%2Fwp%2Fv2%2Ftags&post=37455"}],"curies":[{"name":"wp","href":"https:\/\/api.w.org\/{rel}","templated":true}]}}