{"id":37454,"date":"2023-03-03T16:17:10","date_gmt":"2023-03-03T16:17:10","guid":{"rendered":"https:\/\/fmdelpueblo.ar\/?p=37454"},"modified":"2023-03-03T16:17:10","modified_gmt":"2023-03-03T16:17:10","slug":"ex-funcionario-de-pilar-el-fuego-no-se-inicio-en-mi-campo-primero-explotaron-las-torres-de-alta-tension-y-despues-comenzo-el-incendio","status":"publish","type":"post","link":"http:\/\/fmdelpueblo.ar\/?p=37454","title":{"rendered":"Ex funcionario de Pilar: \u00abEl fuego no se inici\u00f3 en mi campo, primero explotaron las torres de alta tensi\u00f3n y despu\u00e9s comenz\u00f3 el incendio\u00bb"},"content":{"rendered":"<\/p>\n<p>Ricardo Elliot, ex empleado de la Secretar\u00eda de Servicios P\u00fablicos de Pilar, cont\u00f3 c\u00f3mo se origin\u00f3 el foco que produjo el corte de luz a nivel nacional.<br \/>\n <a href=\"https:\/\/www.perfil.com\/noticias\/modo-fontevecchia\/habla-el-ex-funcionario-de-pilar-modof.phtml\">Leer m\u00e1s<\/a><\/p>\n","protected":false},"excerpt":{"rendered":"<p>Ricardo Elliot, ex empleado de la Secretar\u00eda de Servicios P\u00fablicos de Pilar, cont\u00f3 c\u00f3mo se origin\u00f3 el foco que produjo el corte de luz a nivel nacional. Leer m\u00e1s<\/p>\n","protected":false},"author":0,"featured_media":0,"comment_status":"","ping_status":"","sticky":false,"template":"","format":"standard","meta":{"footnotes":""},"categories":[1],"tags":[],"class_list":["post-37454","post","type-post","status-publish","format-standard","hentry","category-sin-categoria"],"_links":{"self":[{"href":"http:\/\/fmdelpueblo.ar\/index.php?rest_route=\/wp\/v2\/posts\/37454","targetHints":{"allow":["GET"]}}],"collection":[{"href":"http:\/\/fmdelpueblo.ar\/index.php?rest_route=\/wp\/v2\/posts"}],"about":[{"href":"http:\/\/fmdelpueblo.ar\/index.php?rest_route=\/wp\/v2\/types\/post"}],"replies":[{"embeddable":true,"href":"http:\/\/fmdelpueblo.ar\/index.php?rest_route=%2Fwp%2Fv2%2Fcomments&post=37454"}],"version-history":[{"count":0,"href":"http:\/\/fmdelpueblo.ar\/index.php?rest_route=\/wp\/v2\/posts\/37454\/revisions"}],"wp:attachment":[{"href":"http:\/\/fmdelpueblo.ar\/index.php?rest_route=%2Fwp%2Fv2%2Fmedia&parent=37454"}],"wp:term":[{"taxonomy":"category","embeddable":true,"href":"http:\/\/fmdelpueblo.ar\/index.php?rest_route=%2Fwp%2Fv2%2Fcategories&post=37454"},{"taxonomy":"post_tag","embeddable":true,"href":"http:\/\/fmdelpueblo.ar\/index.php?rest_route=%2Fwp%2Fv2%2Ftags&post=37454"}],"curies":[{"name":"wp","href":"https:\/\/api.w.org\/{rel}","templated":true}]}}