{"id":37452,"date":"2023-03-03T14:22:19","date_gmt":"2023-03-03T14:22:19","guid":{"rendered":"http:\/\/fmdelpueblo.ar\/?p=37452"},"modified":"2023-03-03T14:22:19","modified_gmt":"2023-03-03T14:22:19","slug":"ricky-martin-brillo-en-velez-y-se-reencontro-con-sus-fans","status":"publish","type":"post","link":"http:\/\/fmdelpueblo.ar\/?p=37452","title":{"rendered":"Ricky Martin brill\u00f3 en V\u00e9lez y se reencontr\u00f3 con sus fans"},"content":{"rendered":"<\/p>\n<p>El cantante boricua\u00a0finalmente se present\u00f3 con su espect\u00e1culo sinf\u00f3nico en el Estadio Jos\u00e9 Amalfitani. Fue una noche m\u00e1gica, colmada de emoci\u00f3n y mucho amor. <a href=\"https:\/\/www.perfil.com\/noticias\/modo-fontevecchia\/ricky-martin-brillo-en-velez-y-se-reencontro-con-sus-fans-modof.phtml\">Leer m\u00e1s<\/a><\/p>\n","protected":false},"excerpt":{"rendered":"<p>El cantante boricua\u00a0finalmente se present\u00f3 con su espect\u00e1culo sinf\u00f3nico en el Estadio Jos\u00e9 Amalfitani. Fue una noche m\u00e1gica, colmada de emoci\u00f3n y mucho amor. Leer m\u00e1s<\/p>\n","protected":false},"author":0,"featured_media":0,"comment_status":"","ping_status":"","sticky":false,"template":"","format":"standard","meta":{"footnotes":""},"categories":[1],"tags":[],"class_list":["post-37452","post","type-post","status-publish","format-standard","hentry","category-sin-categoria"],"_links":{"self":[{"href":"http:\/\/fmdelpueblo.ar\/index.php?rest_route=\/wp\/v2\/posts\/37452","targetHints":{"allow":["GET"]}}],"collection":[{"href":"http:\/\/fmdelpueblo.ar\/index.php?rest_route=\/wp\/v2\/posts"}],"about":[{"href":"http:\/\/fmdelpueblo.ar\/index.php?rest_route=\/wp\/v2\/types\/post"}],"replies":[{"embeddable":true,"href":"http:\/\/fmdelpueblo.ar\/index.php?rest_route=%2Fwp%2Fv2%2Fcomments&post=37452"}],"version-history":[{"count":0,"href":"http:\/\/fmdelpueblo.ar\/index.php?rest_route=\/wp\/v2\/posts\/37452\/revisions"}],"wp:attachment":[{"href":"http:\/\/fmdelpueblo.ar\/index.php?rest_route=%2Fwp%2Fv2%2Fmedia&parent=37452"}],"wp:term":[{"taxonomy":"category","embeddable":true,"href":"http:\/\/fmdelpueblo.ar\/index.php?rest_route=%2Fwp%2Fv2%2Fcategories&post=37452"},{"taxonomy":"post_tag","embeddable":true,"href":"http:\/\/fmdelpueblo.ar\/index.php?rest_route=%2Fwp%2Fv2%2Ftags&post=37452"}],"curies":[{"name":"wp","href":"https:\/\/api.w.org\/{rel}","templated":true}]}}