{"id":37451,"date":"2023-03-03T14:22:19","date_gmt":"2023-03-03T14:22:19","guid":{"rendered":"http:\/\/fmdelpueblo.ar\/?p=37451"},"modified":"2023-03-03T14:22:19","modified_gmt":"2023-03-03T14:22:19","slug":"con-ricky-martin-sinfonico-velez-fue-una-fiesta","status":"publish","type":"post","link":"http:\/\/fmdelpueblo.ar\/?p=37451","title":{"rendered":"Con Ricky Martin Sinf\u00f3nico V\u00e9lez fue una fiesta"},"content":{"rendered":"<\/p>\n<p>El querido cantante volvi\u00f3 a presentarse en nuestro pa\u00eds como parte de su gira que lo llev\u00f3 a C\u00f3rdoba y que terminar\u00e1 en Uruguay, junto a 20 m\u00fasicos. As\u00ed interpret\u00f3 todos sus grandes \u00e9xitos.  <a href=\"https:\/\/www.perfil.com\/noticias\/vivo\/con-ricky-martin-sinfonico-velez-fue-una-fiesta.phtml\">Leer m\u00e1s<\/a><\/p>\n","protected":false},"excerpt":{"rendered":"<p>El querido cantante volvi\u00f3 a presentarse en nuestro pa\u00eds como parte de su gira que lo llev\u00f3 a C\u00f3rdoba y que terminar\u00e1 en Uruguay, junto a 20 m\u00fasicos. As\u00ed interpret\u00f3 todos sus grandes \u00e9xitos. Leer m\u00e1s<\/p>\n","protected":false},"author":0,"featured_media":0,"comment_status":"","ping_status":"","sticky":false,"template":"","format":"standard","meta":{"footnotes":""},"categories":[1],"tags":[],"class_list":["post-37451","post","type-post","status-publish","format-standard","hentry","category-sin-categoria"],"_links":{"self":[{"href":"http:\/\/fmdelpueblo.ar\/index.php?rest_route=\/wp\/v2\/posts\/37451","targetHints":{"allow":["GET"]}}],"collection":[{"href":"http:\/\/fmdelpueblo.ar\/index.php?rest_route=\/wp\/v2\/posts"}],"about":[{"href":"http:\/\/fmdelpueblo.ar\/index.php?rest_route=\/wp\/v2\/types\/post"}],"replies":[{"embeddable":true,"href":"http:\/\/fmdelpueblo.ar\/index.php?rest_route=%2Fwp%2Fv2%2Fcomments&post=37451"}],"version-history":[{"count":0,"href":"http:\/\/fmdelpueblo.ar\/index.php?rest_route=\/wp\/v2\/posts\/37451\/revisions"}],"wp:attachment":[{"href":"http:\/\/fmdelpueblo.ar\/index.php?rest_route=%2Fwp%2Fv2%2Fmedia&parent=37451"}],"wp:term":[{"taxonomy":"category","embeddable":true,"href":"http:\/\/fmdelpueblo.ar\/index.php?rest_route=%2Fwp%2Fv2%2Fcategories&post=37451"},{"taxonomy":"post_tag","embeddable":true,"href":"http:\/\/fmdelpueblo.ar\/index.php?rest_route=%2Fwp%2Fv2%2Ftags&post=37451"}],"curies":[{"name":"wp","href":"https:\/\/api.w.org\/{rel}","templated":true}]}}