{"id":37450,"date":"2023-03-03T14:22:18","date_gmt":"2023-03-03T14:22:18","guid":{"rendered":"http:\/\/fmdelpueblo.ar\/?p=37450"},"modified":"2023-03-03T14:22:18","modified_gmt":"2023-03-03T14:22:18","slug":"anibal-fernandez-tras-la-amenaza-a-lionel-messi-estamos-haciendo-las-cosas-bien","status":"publish","type":"post","link":"http:\/\/fmdelpueblo.ar\/?p=37450","title":{"rendered":"Anibal Fern\u00e1ndez, tras la amenaza a Lionel Messi: \u00abEstamos haciendo las cosas bien\u00bb"},"content":{"rendered":"<\/p>\n<p>Tras haber dicho que \u00abganaron los narcos\u00bb, el ministro de Seguridad de la Naci\u00f3n insisti\u00f3 con que el conflicto en Santa Fe lleva d\u00e9cadas. \u00abEn 2013 balearon la casa del gobernador\u00bb, record\u00f3. <a href=\"https:\/\/www.perfil.com\/noticias\/politica\/anibal-fernandez-tras-la-amenaza-a-lionel-messi-estamos-haciendo-las-cosas-bien.phtml\">Leer m\u00e1s<\/a><\/p>\n","protected":false},"excerpt":{"rendered":"<p>Tras haber dicho que \u00abganaron los narcos\u00bb, el ministro de Seguridad de la Naci\u00f3n insisti\u00f3 con que el conflicto en Santa Fe lleva d\u00e9cadas. \u00abEn 2013 balearon la casa del gobernador\u00bb, record\u00f3. Leer m\u00e1s<\/p>\n","protected":false},"author":0,"featured_media":0,"comment_status":"","ping_status":"","sticky":false,"template":"","format":"standard","meta":{"footnotes":""},"categories":[1],"tags":[],"class_list":["post-37450","post","type-post","status-publish","format-standard","hentry","category-sin-categoria"],"_links":{"self":[{"href":"http:\/\/fmdelpueblo.ar\/index.php?rest_route=\/wp\/v2\/posts\/37450","targetHints":{"allow":["GET"]}}],"collection":[{"href":"http:\/\/fmdelpueblo.ar\/index.php?rest_route=\/wp\/v2\/posts"}],"about":[{"href":"http:\/\/fmdelpueblo.ar\/index.php?rest_route=\/wp\/v2\/types\/post"}],"replies":[{"embeddable":true,"href":"http:\/\/fmdelpueblo.ar\/index.php?rest_route=%2Fwp%2Fv2%2Fcomments&post=37450"}],"version-history":[{"count":0,"href":"http:\/\/fmdelpueblo.ar\/index.php?rest_route=\/wp\/v2\/posts\/37450\/revisions"}],"wp:attachment":[{"href":"http:\/\/fmdelpueblo.ar\/index.php?rest_route=%2Fwp%2Fv2%2Fmedia&parent=37450"}],"wp:term":[{"taxonomy":"category","embeddable":true,"href":"http:\/\/fmdelpueblo.ar\/index.php?rest_route=%2Fwp%2Fv2%2Fcategories&post=37450"},{"taxonomy":"post_tag","embeddable":true,"href":"http:\/\/fmdelpueblo.ar\/index.php?rest_route=%2Fwp%2Fv2%2Ftags&post=37450"}],"curies":[{"name":"wp","href":"https:\/\/api.w.org\/{rel}","templated":true}]}}