{"id":37449,"date":"2023-03-03T14:22:18","date_gmt":"2023-03-03T14:22:18","guid":{"rendered":"http:\/\/fmdelpueblo.ar\/?p=37449"},"modified":"2023-03-03T14:22:18","modified_gmt":"2023-03-03T14:22:18","slug":"ricardo-gareca-es-el-nuevo-dt-de-velez","status":"publish","type":"post","link":"http:\/\/fmdelpueblo.ar\/?p=37449","title":{"rendered":"Ricardo Gareca es el nuevo DT de V\u00e9lez"},"content":{"rendered":"<\/p>\n<p>Luego de su paso por la Selecci\u00f3n de Per\u00fa, el entrenador volver\u00e1 al equipo de Liniers para reemplazar a Alexander Medina. <a href=\"https:\/\/www.perfil.com\/noticias\/modo-fontevecchia\/ricardo-gareca-es-el-nuevo-dt-de-velez-modof.phtml\">Leer m\u00e1s<\/a><\/p>\n","protected":false},"excerpt":{"rendered":"<p>Luego de su paso por la Selecci\u00f3n de Per\u00fa, el entrenador volver\u00e1 al equipo de Liniers para reemplazar a Alexander Medina. Leer m\u00e1s<\/p>\n","protected":false},"author":0,"featured_media":0,"comment_status":"","ping_status":"","sticky":false,"template":"","format":"standard","meta":{"footnotes":""},"categories":[1],"tags":[],"class_list":["post-37449","post","type-post","status-publish","format-standard","hentry","category-sin-categoria"],"_links":{"self":[{"href":"http:\/\/fmdelpueblo.ar\/index.php?rest_route=\/wp\/v2\/posts\/37449","targetHints":{"allow":["GET"]}}],"collection":[{"href":"http:\/\/fmdelpueblo.ar\/index.php?rest_route=\/wp\/v2\/posts"}],"about":[{"href":"http:\/\/fmdelpueblo.ar\/index.php?rest_route=\/wp\/v2\/types\/post"}],"replies":[{"embeddable":true,"href":"http:\/\/fmdelpueblo.ar\/index.php?rest_route=%2Fwp%2Fv2%2Fcomments&post=37449"}],"version-history":[{"count":0,"href":"http:\/\/fmdelpueblo.ar\/index.php?rest_route=\/wp\/v2\/posts\/37449\/revisions"}],"wp:attachment":[{"href":"http:\/\/fmdelpueblo.ar\/index.php?rest_route=%2Fwp%2Fv2%2Fmedia&parent=37449"}],"wp:term":[{"taxonomy":"category","embeddable":true,"href":"http:\/\/fmdelpueblo.ar\/index.php?rest_route=%2Fwp%2Fv2%2Fcategories&post=37449"},{"taxonomy":"post_tag","embeddable":true,"href":"http:\/\/fmdelpueblo.ar\/index.php?rest_route=%2Fwp%2Fv2%2Ftags&post=37449"}],"curies":[{"name":"wp","href":"https:\/\/api.w.org\/{rel}","templated":true}]}}