{"id":37448,"date":"2023-03-03T14:22:17","date_gmt":"2023-03-03T14:22:17","guid":{"rendered":"http:\/\/fmdelpueblo.ar\/?p=37448"},"modified":"2023-03-03T14:22:17","modified_gmt":"2023-03-03T14:22:17","slug":"empleadas-de-casas-particulares-como-quedan-los-salarios-de-marzo-con-el-aumento","status":"publish","type":"post","link":"http:\/\/fmdelpueblo.ar\/?p=37448","title":{"rendered":"Empleadas de casas particulares: \u00bfc\u00f3mo quedan los salarios de marzo con el aumento?"},"content":{"rendered":"<\/p>\n<p>Se actualizaron los valores correspondientes a los aportes y contribuciones destinados al r\u00e9gimen de la Seguridad Social, as\u00ed como los montos de las remuneraciones \u00bfC\u00f3mo quedan los valores por hora y por mes de cada categor\u00eda? <a href=\"https:\/\/www.perfil.com\/noticias\/economia\/empleadas-de-casas-particulares-como-quedan-los-salarios-de-marzo-con-el-aumento.phtml\">Leer m\u00e1s<\/a><\/p>\n","protected":false},"excerpt":{"rendered":"<p>Se actualizaron los valores correspondientes a los aportes y contribuciones destinados al r\u00e9gimen de la Seguridad Social, as\u00ed como los montos de las remuneraciones \u00bfC\u00f3mo quedan los valores por hora y por mes de cada categor\u00eda? Leer m\u00e1s<\/p>\n","protected":false},"author":0,"featured_media":0,"comment_status":"","ping_status":"","sticky":false,"template":"","format":"standard","meta":{"footnotes":""},"categories":[1],"tags":[],"class_list":["post-37448","post","type-post","status-publish","format-standard","hentry","category-sin-categoria"],"_links":{"self":[{"href":"http:\/\/fmdelpueblo.ar\/index.php?rest_route=\/wp\/v2\/posts\/37448","targetHints":{"allow":["GET"]}}],"collection":[{"href":"http:\/\/fmdelpueblo.ar\/index.php?rest_route=\/wp\/v2\/posts"}],"about":[{"href":"http:\/\/fmdelpueblo.ar\/index.php?rest_route=\/wp\/v2\/types\/post"}],"replies":[{"embeddable":true,"href":"http:\/\/fmdelpueblo.ar\/index.php?rest_route=%2Fwp%2Fv2%2Fcomments&post=37448"}],"version-history":[{"count":0,"href":"http:\/\/fmdelpueblo.ar\/index.php?rest_route=\/wp\/v2\/posts\/37448\/revisions"}],"wp:attachment":[{"href":"http:\/\/fmdelpueblo.ar\/index.php?rest_route=%2Fwp%2Fv2%2Fmedia&parent=37448"}],"wp:term":[{"taxonomy":"category","embeddable":true,"href":"http:\/\/fmdelpueblo.ar\/index.php?rest_route=%2Fwp%2Fv2%2Fcategories&post=37448"},{"taxonomy":"post_tag","embeddable":true,"href":"http:\/\/fmdelpueblo.ar\/index.php?rest_route=%2Fwp%2Fv2%2Ftags&post=37448"}],"curies":[{"name":"wp","href":"https:\/\/api.w.org\/{rel}","templated":true}]}}