{"id":37447,"date":"2023-03-03T13:09:30","date_gmt":"2023-03-03T13:09:30","guid":{"rendered":"http:\/\/fmdelpueblo.ar\/?p=37447"},"modified":"2023-03-03T13:09:30","modified_gmt":"2023-03-03T13:09:30","slug":"murio-la-actriz-maria-onetto-a-los-56-anos","status":"publish","type":"post","link":"http:\/\/fmdelpueblo.ar\/?p=37447","title":{"rendered":"Muri\u00f3 la actriz Mar\u00eda Onetto a los 56 a\u00f1os"},"content":{"rendered":"<\/p>\n<p>Este jueves 2 de marzo se conoci\u00f3 la triste noticia. La reconocida artista, seg\u00fan el informe policial, falleci\u00f3 por suicidio. <a href=\"https:\/\/www.perfil.com\/noticias\/modo-fontevecchia\/murio-la-actriz-maria-onetto-a-los-56-anos-modof.phtml\">Leer m\u00e1s<\/a><\/p>\n","protected":false},"excerpt":{"rendered":"<p>Este jueves 2 de marzo se conoci\u00f3 la triste noticia. La reconocida artista, seg\u00fan el informe policial, falleci\u00f3 por suicidio. Leer m\u00e1s<\/p>\n","protected":false},"author":0,"featured_media":0,"comment_status":"","ping_status":"","sticky":false,"template":"","format":"standard","meta":{"footnotes":""},"categories":[1],"tags":[],"class_list":["post-37447","post","type-post","status-publish","format-standard","hentry","category-sin-categoria"],"_links":{"self":[{"href":"http:\/\/fmdelpueblo.ar\/index.php?rest_route=\/wp\/v2\/posts\/37447","targetHints":{"allow":["GET"]}}],"collection":[{"href":"http:\/\/fmdelpueblo.ar\/index.php?rest_route=\/wp\/v2\/posts"}],"about":[{"href":"http:\/\/fmdelpueblo.ar\/index.php?rest_route=\/wp\/v2\/types\/post"}],"replies":[{"embeddable":true,"href":"http:\/\/fmdelpueblo.ar\/index.php?rest_route=%2Fwp%2Fv2%2Fcomments&post=37447"}],"version-history":[{"count":0,"href":"http:\/\/fmdelpueblo.ar\/index.php?rest_route=\/wp\/v2\/posts\/37447\/revisions"}],"wp:attachment":[{"href":"http:\/\/fmdelpueblo.ar\/index.php?rest_route=%2Fwp%2Fv2%2Fmedia&parent=37447"}],"wp:term":[{"taxonomy":"category","embeddable":true,"href":"http:\/\/fmdelpueblo.ar\/index.php?rest_route=%2Fwp%2Fv2%2Fcategories&post=37447"},{"taxonomy":"post_tag","embeddable":true,"href":"http:\/\/fmdelpueblo.ar\/index.php?rest_route=%2Fwp%2Fv2%2Ftags&post=37447"}],"curies":[{"name":"wp","href":"https:\/\/api.w.org\/{rel}","templated":true}]}}