{"id":37446,"date":"2023-03-03T13:09:30","date_gmt":"2023-03-03T13:09:30","guid":{"rendered":"http:\/\/fmdelpueblo.ar\/?p=37446"},"modified":"2023-03-03T13:09:30","modified_gmt":"2023-03-03T13:09:30","slug":"el-gobierno-preocupado-por-rosario-le-echa-la-culpa-al-socialismo","status":"publish","type":"post","link":"http:\/\/fmdelpueblo.ar\/?p=37446","title":{"rendered":"El Gobierno, preocupado por Rosario, le echa la culpa al socialismo"},"content":{"rendered":"<\/p>\n<p>Lo sucedido este jueves por la ma\u00f1ana con el ataque a la familia Roccuzzo revolucion\u00f3 todo el \u00e1mbito pol\u00edtico. <a href=\"https:\/\/www.perfil.com\/noticias\/modo-fontevecchia\/el-gobierno-preocupado-por-rosario-le-echa-la-culpa-al-socialismo-modof.phtml\">Leer m\u00e1s<\/a><\/p>\n","protected":false},"excerpt":{"rendered":"<p>Lo sucedido este jueves por la ma\u00f1ana con el ataque a la familia Roccuzzo revolucion\u00f3 todo el \u00e1mbito pol\u00edtico. Leer m\u00e1s<\/p>\n","protected":false},"author":0,"featured_media":0,"comment_status":"","ping_status":"","sticky":false,"template":"","format":"standard","meta":{"footnotes":""},"categories":[1],"tags":[],"class_list":["post-37446","post","type-post","status-publish","format-standard","hentry","category-sin-categoria"],"_links":{"self":[{"href":"http:\/\/fmdelpueblo.ar\/index.php?rest_route=\/wp\/v2\/posts\/37446","targetHints":{"allow":["GET"]}}],"collection":[{"href":"http:\/\/fmdelpueblo.ar\/index.php?rest_route=\/wp\/v2\/posts"}],"about":[{"href":"http:\/\/fmdelpueblo.ar\/index.php?rest_route=\/wp\/v2\/types\/post"}],"replies":[{"embeddable":true,"href":"http:\/\/fmdelpueblo.ar\/index.php?rest_route=%2Fwp%2Fv2%2Fcomments&post=37446"}],"version-history":[{"count":0,"href":"http:\/\/fmdelpueblo.ar\/index.php?rest_route=\/wp\/v2\/posts\/37446\/revisions"}],"wp:attachment":[{"href":"http:\/\/fmdelpueblo.ar\/index.php?rest_route=%2Fwp%2Fv2%2Fmedia&parent=37446"}],"wp:term":[{"taxonomy":"category","embeddable":true,"href":"http:\/\/fmdelpueblo.ar\/index.php?rest_route=%2Fwp%2Fv2%2Fcategories&post=37446"},{"taxonomy":"post_tag","embeddable":true,"href":"http:\/\/fmdelpueblo.ar\/index.php?rest_route=%2Fwp%2Fv2%2Ftags&post=37446"}],"curies":[{"name":"wp","href":"https:\/\/api.w.org\/{rel}","templated":true}]}}