{"id":37443,"date":"2023-03-03T13:09:28","date_gmt":"2023-03-03T13:09:28","guid":{"rendered":"http:\/\/fmdelpueblo.ar\/?p=37443"},"modified":"2023-03-03T13:09:28","modified_gmt":"2023-03-03T13:09:28","slug":"maximiliano-pullaro-las-organizaciones-narco-son-precarias-pero-tienen-altos-niveles-de-violencia-letal","status":"publish","type":"post","link":"http:\/\/fmdelpueblo.ar\/?p=37443","title":{"rendered":"Maximiliano Pullaro: \u00abLas organizaciones narco son precarias pero tienen altos niveles de violencia letal\u00bb"},"content":{"rendered":"<\/p>\n<p>El diputado de Santa Fe habl\u00f3 sobre la situaci\u00f3n que vive la ciudad de Rosario, azotada por el narcotr\u00e1fico en los \u00faltimos a\u00f1os, y pidi\u00f3 a las autoridades que tomen cartas en el asunto.<br \/>\n <a href=\"https:\/\/www.perfil.com\/noticias\/modo-fontevecchia\/maximiliano-pullaro-las-organizaciones-narco-son-precarias-pero-tienen-altos-niveles-de-violencia-letal-modof.phtml\">Leer m\u00e1s<\/a><\/p>\n","protected":false},"excerpt":{"rendered":"<p>El diputado de Santa Fe habl\u00f3 sobre la situaci\u00f3n que vive la ciudad de Rosario, azotada por el narcotr\u00e1fico en los \u00faltimos a\u00f1os, y pidi\u00f3 a las autoridades que tomen cartas en el asunto. Leer m\u00e1s<\/p>\n","protected":false},"author":0,"featured_media":0,"comment_status":"","ping_status":"","sticky":false,"template":"","format":"standard","meta":{"footnotes":""},"categories":[1],"tags":[],"class_list":["post-37443","post","type-post","status-publish","format-standard","hentry","category-sin-categoria"],"_links":{"self":[{"href":"http:\/\/fmdelpueblo.ar\/index.php?rest_route=\/wp\/v2\/posts\/37443","targetHints":{"allow":["GET"]}}],"collection":[{"href":"http:\/\/fmdelpueblo.ar\/index.php?rest_route=\/wp\/v2\/posts"}],"about":[{"href":"http:\/\/fmdelpueblo.ar\/index.php?rest_route=\/wp\/v2\/types\/post"}],"replies":[{"embeddable":true,"href":"http:\/\/fmdelpueblo.ar\/index.php?rest_route=%2Fwp%2Fv2%2Fcomments&post=37443"}],"version-history":[{"count":0,"href":"http:\/\/fmdelpueblo.ar\/index.php?rest_route=\/wp\/v2\/posts\/37443\/revisions"}],"wp:attachment":[{"href":"http:\/\/fmdelpueblo.ar\/index.php?rest_route=%2Fwp%2Fv2%2Fmedia&parent=37443"}],"wp:term":[{"taxonomy":"category","embeddable":true,"href":"http:\/\/fmdelpueblo.ar\/index.php?rest_route=%2Fwp%2Fv2%2Fcategories&post=37443"},{"taxonomy":"post_tag","embeddable":true,"href":"http:\/\/fmdelpueblo.ar\/index.php?rest_route=%2Fwp%2Fv2%2Ftags&post=37443"}],"curies":[{"name":"wp","href":"https:\/\/api.w.org\/{rel}","templated":true}]}}