{"id":37442,"date":"2023-03-03T13:09:28","date_gmt":"2023-03-03T13:09:28","guid":{"rendered":"http:\/\/fmdelpueblo.ar\/?p=37442"},"modified":"2023-03-03T13:09:28","modified_gmt":"2023-03-03T13:09:28","slug":"autoridades-de-la-fed-creen-que-se-podrian-necesitar-tasas-mas-altas","status":"publish","type":"post","link":"http:\/\/fmdelpueblo.ar\/?p=37442","title":{"rendered":"Autoridades de la FED creen que se podr\u00edan necesitar tasas m\u00e1s altas"},"content":{"rendered":"<\/p>\n<p>Dos autoridades de la Reserva Federal advirtieron que lecturas recientes m\u00e1s fuertes de lo previsto sobre la econom\u00eda estadounidense podr\u00edan incitarlos a subir las tasas de inter\u00e9s m\u00e1s de lo proyectado. <a href=\"https:\/\/www.perfil.com\/noticias\/bloomberg\/bc-autoridades-fed-dicen-se-podria-necesitar-pico-de-tasas-mas-alto.phtml\">Leer m\u00e1s<\/a><\/p>\n","protected":false},"excerpt":{"rendered":"<p>Dos autoridades de la Reserva Federal advirtieron que lecturas recientes m\u00e1s fuertes de lo previsto sobre la econom\u00eda estadounidense podr\u00edan incitarlos a subir las tasas de inter\u00e9s m\u00e1s de lo proyectado. Leer m\u00e1s<\/p>\n","protected":false},"author":0,"featured_media":0,"comment_status":"","ping_status":"","sticky":false,"template":"","format":"standard","meta":{"footnotes":""},"categories":[1],"tags":[],"class_list":["post-37442","post","type-post","status-publish","format-standard","hentry","category-sin-categoria"],"_links":{"self":[{"href":"http:\/\/fmdelpueblo.ar\/index.php?rest_route=\/wp\/v2\/posts\/37442","targetHints":{"allow":["GET"]}}],"collection":[{"href":"http:\/\/fmdelpueblo.ar\/index.php?rest_route=\/wp\/v2\/posts"}],"about":[{"href":"http:\/\/fmdelpueblo.ar\/index.php?rest_route=\/wp\/v2\/types\/post"}],"replies":[{"embeddable":true,"href":"http:\/\/fmdelpueblo.ar\/index.php?rest_route=%2Fwp%2Fv2%2Fcomments&post=37442"}],"version-history":[{"count":0,"href":"http:\/\/fmdelpueblo.ar\/index.php?rest_route=\/wp\/v2\/posts\/37442\/revisions"}],"wp:attachment":[{"href":"http:\/\/fmdelpueblo.ar\/index.php?rest_route=%2Fwp%2Fv2%2Fmedia&parent=37442"}],"wp:term":[{"taxonomy":"category","embeddable":true,"href":"http:\/\/fmdelpueblo.ar\/index.php?rest_route=%2Fwp%2Fv2%2Fcategories&post=37442"},{"taxonomy":"post_tag","embeddable":true,"href":"http:\/\/fmdelpueblo.ar\/index.php?rest_route=%2Fwp%2Fv2%2Ftags&post=37442"}],"curies":[{"name":"wp","href":"https:\/\/api.w.org\/{rel}","templated":true}]}}