{"id":37433,"date":"2023-03-03T11:13:27","date_gmt":"2023-03-03T11:13:27","guid":{"rendered":"https:\/\/fmdelpueblo.ar\/?p=37433"},"modified":"2023-03-03T11:13:27","modified_gmt":"2023-03-03T11:13:27","slug":"nicaragua-cometio-crimenes-de-lesa-humanidad-segun-la-onu","status":"publish","type":"post","link":"http:\/\/fmdelpueblo.ar\/?p=37433","title":{"rendered":"Nicaragua cometi\u00f3 cr\u00edmenes de lesa humanidad, seg\u00fan la ONU"},"content":{"rendered":"<\/p>\n<p>La conclusi\u00f3n figura en un informe presentado este jueves en Ginebra en el cual insta a la comunidad internacional a actuar de manera oficiosa para ejercer una acci\u00f3n penal y juzgar a los responsables. <a href=\"https:\/\/www.perfil.com\/noticias\/modo-fontevecchia\/nicaragua-cometio-crimenes-de-lesa-humanidad-segun-la-onu-modof.phtml\">Leer m\u00e1s<\/a><\/p>\n","protected":false},"excerpt":{"rendered":"<p>La conclusi\u00f3n figura en un informe presentado este jueves en Ginebra en el cual insta a la comunidad internacional a actuar de manera oficiosa para ejercer una acci\u00f3n penal y juzgar a los responsables. Leer m\u00e1s<\/p>\n","protected":false},"author":0,"featured_media":0,"comment_status":"","ping_status":"","sticky":false,"template":"","format":"standard","meta":{"footnotes":""},"categories":[1],"tags":[],"class_list":["post-37433","post","type-post","status-publish","format-standard","hentry","category-sin-categoria"],"_links":{"self":[{"href":"http:\/\/fmdelpueblo.ar\/index.php?rest_route=\/wp\/v2\/posts\/37433","targetHints":{"allow":["GET"]}}],"collection":[{"href":"http:\/\/fmdelpueblo.ar\/index.php?rest_route=\/wp\/v2\/posts"}],"about":[{"href":"http:\/\/fmdelpueblo.ar\/index.php?rest_route=\/wp\/v2\/types\/post"}],"replies":[{"embeddable":true,"href":"http:\/\/fmdelpueblo.ar\/index.php?rest_route=%2Fwp%2Fv2%2Fcomments&post=37433"}],"version-history":[{"count":0,"href":"http:\/\/fmdelpueblo.ar\/index.php?rest_route=\/wp\/v2\/posts\/37433\/revisions"}],"wp:attachment":[{"href":"http:\/\/fmdelpueblo.ar\/index.php?rest_route=%2Fwp%2Fv2%2Fmedia&parent=37433"}],"wp:term":[{"taxonomy":"category","embeddable":true,"href":"http:\/\/fmdelpueblo.ar\/index.php?rest_route=%2Fwp%2Fv2%2Fcategories&post=37433"},{"taxonomy":"post_tag","embeddable":true,"href":"http:\/\/fmdelpueblo.ar\/index.php?rest_route=%2Fwp%2Fv2%2Ftags&post=37433"}],"curies":[{"name":"wp","href":"https:\/\/api.w.org\/{rel}","templated":true}]}}