{"id":37431,"date":"2023-03-03T11:13:26","date_gmt":"2023-03-03T11:13:26","guid":{"rendered":"https:\/\/fmdelpueblo.ar\/?p=37431"},"modified":"2023-03-03T11:13:26","modified_gmt":"2023-03-03T11:13:26","slug":"agustin-rossi-se-cruzo-con-patricia-bullrich-por-la-violencia-en-rosario-no-pusieron-un-p-radar","status":"publish","type":"post","link":"http:\/\/fmdelpueblo.ar\/?p=37431","title":{"rendered":"Agust\u00edn Rossi se cruz\u00f3 con Patricia Bullrich por la violencia en Rosario: \u00abNo pusieron un p&#8230;. radar\u00bb"},"content":{"rendered":"<\/p>\n<p>Con un exabrupto, el jefe de Gabinete defendi\u00f3 la gesti\u00f3n nacional en la ciudad santafesina asediada por el narco. La exministra de Seguridad pidi\u00f3 recuperar territorio con las Fuerzas Armadas. <a href=\"https:\/\/www.perfil.com\/noticias\/politica\/agustin-rossi-se-cruzo-con-patricia-bullrich-por-la-violencia-en-rosario-no-pusieron-un-radar.phtml\">Leer m\u00e1s<\/a><\/p>\n","protected":false},"excerpt":{"rendered":"<p>Con un exabrupto, el jefe de Gabinete defendi\u00f3 la gesti\u00f3n nacional en la ciudad santafesina asediada por el narco. La exministra de Seguridad pidi\u00f3 recuperar territorio con las Fuerzas Armadas. Leer m\u00e1s<\/p>\n","protected":false},"author":0,"featured_media":0,"comment_status":"","ping_status":"","sticky":false,"template":"","format":"standard","meta":{"footnotes":""},"categories":[1],"tags":[],"class_list":["post-37431","post","type-post","status-publish","format-standard","hentry","category-sin-categoria"],"_links":{"self":[{"href":"http:\/\/fmdelpueblo.ar\/index.php?rest_route=\/wp\/v2\/posts\/37431","targetHints":{"allow":["GET"]}}],"collection":[{"href":"http:\/\/fmdelpueblo.ar\/index.php?rest_route=\/wp\/v2\/posts"}],"about":[{"href":"http:\/\/fmdelpueblo.ar\/index.php?rest_route=\/wp\/v2\/types\/post"}],"replies":[{"embeddable":true,"href":"http:\/\/fmdelpueblo.ar\/index.php?rest_route=%2Fwp%2Fv2%2Fcomments&post=37431"}],"version-history":[{"count":0,"href":"http:\/\/fmdelpueblo.ar\/index.php?rest_route=\/wp\/v2\/posts\/37431\/revisions"}],"wp:attachment":[{"href":"http:\/\/fmdelpueblo.ar\/index.php?rest_route=%2Fwp%2Fv2%2Fmedia&parent=37431"}],"wp:term":[{"taxonomy":"category","embeddable":true,"href":"http:\/\/fmdelpueblo.ar\/index.php?rest_route=%2Fwp%2Fv2%2Fcategories&post=37431"},{"taxonomy":"post_tag","embeddable":true,"href":"http:\/\/fmdelpueblo.ar\/index.php?rest_route=%2Fwp%2Fv2%2Ftags&post=37431"}],"curies":[{"name":"wp","href":"https:\/\/api.w.org\/{rel}","templated":true}]}}