{"id":37429,"date":"2023-03-03T11:13:25","date_gmt":"2023-03-03T11:13:25","guid":{"rendered":"https:\/\/fmdelpueblo.ar\/?p=37429"},"modified":"2023-03-03T11:13:25","modified_gmt":"2023-03-03T11:13:25","slug":"gripe-aviar-y-el-impacto-sobre-el-consumo-y-el-precio-del-pollo","status":"publish","type":"post","link":"http:\/\/fmdelpueblo.ar\/?p=37429","title":{"rendered":"Gripe aviar y el impacto sobre el consumo y el precio del pollo"},"content":{"rendered":"<\/p>\n<p>Tras detectarse un caso en ave de corral en R\u00edo Negro, se sacrificar\u00e1n m\u00e1s de 180.000 pollos. Los analistas econ\u00f3micos proyectan distintos escenarios en caso de avanzar la enfermedad. \u00bfC\u00f3mo podr\u00eda comportarse el mercado si crecen los casos? <a href=\"https:\/\/www.perfil.com\/noticias\/modo-fontevecchia\/gripe-aviar-y-el-impacto-sobre-el-consumo-y-el-precio-del-pollo-modof.phtml\">Leer m\u00e1s<\/a><\/p>\n","protected":false},"excerpt":{"rendered":"<p>Tras detectarse un caso en ave de corral en R\u00edo Negro, se sacrificar\u00e1n m\u00e1s de 180.000 pollos. Los analistas econ\u00f3micos proyectan distintos escenarios en caso de avanzar la enfermedad. \u00bfC\u00f3mo podr\u00eda comportarse el mercado si crecen los casos? Leer m\u00e1s<\/p>\n","protected":false},"author":0,"featured_media":0,"comment_status":"","ping_status":"","sticky":false,"template":"","format":"standard","meta":{"footnotes":""},"categories":[1],"tags":[],"class_list":["post-37429","post","type-post","status-publish","format-standard","hentry","category-sin-categoria"],"_links":{"self":[{"href":"http:\/\/fmdelpueblo.ar\/index.php?rest_route=\/wp\/v2\/posts\/37429","targetHints":{"allow":["GET"]}}],"collection":[{"href":"http:\/\/fmdelpueblo.ar\/index.php?rest_route=\/wp\/v2\/posts"}],"about":[{"href":"http:\/\/fmdelpueblo.ar\/index.php?rest_route=\/wp\/v2\/types\/post"}],"replies":[{"embeddable":true,"href":"http:\/\/fmdelpueblo.ar\/index.php?rest_route=%2Fwp%2Fv2%2Fcomments&post=37429"}],"version-history":[{"count":0,"href":"http:\/\/fmdelpueblo.ar\/index.php?rest_route=\/wp\/v2\/posts\/37429\/revisions"}],"wp:attachment":[{"href":"http:\/\/fmdelpueblo.ar\/index.php?rest_route=%2Fwp%2Fv2%2Fmedia&parent=37429"}],"wp:term":[{"taxonomy":"category","embeddable":true,"href":"http:\/\/fmdelpueblo.ar\/index.php?rest_route=%2Fwp%2Fv2%2Fcategories&post=37429"},{"taxonomy":"post_tag","embeddable":true,"href":"http:\/\/fmdelpueblo.ar\/index.php?rest_route=%2Fwp%2Fv2%2Ftags&post=37429"}],"curies":[{"name":"wp","href":"https:\/\/api.w.org\/{rel}","templated":true}]}}