{"id":37427,"date":"2023-03-03T09:09:19","date_gmt":"2023-03-03T09:09:19","guid":{"rendered":"http:\/\/fmdelpueblo.ar\/?p=37427"},"modified":"2023-03-03T09:09:19","modified_gmt":"2023-03-03T09:09:19","slug":"de-amarilla-a-roja-el-servicio-meteorologico-subio-el-alerta-por-la-ola-de-calor-extrema","status":"publish","type":"post","link":"http:\/\/fmdelpueblo.ar\/?p=37427","title":{"rendered":"De amarilla a roja: el Servicio Meteorol\u00f3gico subi\u00f3 el alerta por la ola de calor extrema"},"content":{"rendered":"<\/p>\n<p>El SMN emiti\u00f3 un alerta rojo por 24 horas para la Ciudad de Buenos Aires y sus alrededores por la novena ola de calor del verano con temperaturas r\u00e9cords. C\u00f3mo sigue el clima este fin de semana. <a href=\"https:\/\/www.perfil.com\/noticias\/sociedad\/de-amarilla-a-roja-servicio-meteorologico-subio-alerta-ola-de-calor-extrema.phtml\">Leer m\u00e1s<\/a><\/p>\n","protected":false},"excerpt":{"rendered":"<p>El SMN emiti\u00f3 un alerta rojo por 24 horas para la Ciudad de Buenos Aires y sus alrededores por la novena ola de calor del verano con temperaturas r\u00e9cords. C\u00f3mo sigue el clima este fin de semana. Leer m\u00e1s<\/p>\n","protected":false},"author":0,"featured_media":0,"comment_status":"","ping_status":"","sticky":false,"template":"","format":"standard","meta":{"footnotes":""},"categories":[1],"tags":[],"class_list":["post-37427","post","type-post","status-publish","format-standard","hentry","category-sin-categoria"],"_links":{"self":[{"href":"http:\/\/fmdelpueblo.ar\/index.php?rest_route=\/wp\/v2\/posts\/37427","targetHints":{"allow":["GET"]}}],"collection":[{"href":"http:\/\/fmdelpueblo.ar\/index.php?rest_route=\/wp\/v2\/posts"}],"about":[{"href":"http:\/\/fmdelpueblo.ar\/index.php?rest_route=\/wp\/v2\/types\/post"}],"replies":[{"embeddable":true,"href":"http:\/\/fmdelpueblo.ar\/index.php?rest_route=%2Fwp%2Fv2%2Fcomments&post=37427"}],"version-history":[{"count":0,"href":"http:\/\/fmdelpueblo.ar\/index.php?rest_route=\/wp\/v2\/posts\/37427\/revisions"}],"wp:attachment":[{"href":"http:\/\/fmdelpueblo.ar\/index.php?rest_route=%2Fwp%2Fv2%2Fmedia&parent=37427"}],"wp:term":[{"taxonomy":"category","embeddable":true,"href":"http:\/\/fmdelpueblo.ar\/index.php?rest_route=%2Fwp%2Fv2%2Fcategories&post=37427"},{"taxonomy":"post_tag","embeddable":true,"href":"http:\/\/fmdelpueblo.ar\/index.php?rest_route=%2Fwp%2Fv2%2Ftags&post=37427"}],"curies":[{"name":"wp","href":"https:\/\/api.w.org\/{rel}","templated":true}]}}