{"id":37422,"date":"2023-03-03T06:09:15","date_gmt":"2023-03-03T06:09:15","guid":{"rendered":"http:\/\/fmdelpueblo.ar\/?p=37422"},"modified":"2023-03-03T06:09:15","modified_gmt":"2023-03-03T06:09:15","slug":"terror-en-la-estacion-de-flores-amenazo-con-detonar-una-granada-le-quito-el-seguro-y-fue-detenido","status":"publish","type":"post","link":"http:\/\/fmdelpueblo.ar\/?p=37422","title":{"rendered":"Terror en la estaci\u00f3n de Flores: amenaz\u00f3 con detonar una granada, le quit\u00f3 el seguro y fue detenido"},"content":{"rendered":"<\/p>\n<p>Uno de los polic\u00edas se abalanz\u00f3 sobre el hombre para evitar que soltara y detone la bomba en el tren Sarmiento. Luego, negociaron con el sujeto una hora para que entregue el artefacto. <a href=\"https:\/\/www.perfil.com\/noticias\/policia\/detuvieron-hombre-amenazo-con-detonar-granada-estacion-flores.phtml\">Leer m\u00e1s<\/a><\/p>\n","protected":false},"excerpt":{"rendered":"<p>Uno de los polic\u00edas se abalanz\u00f3 sobre el hombre para evitar que soltara y detone la bomba en el tren Sarmiento. Luego, negociaron con el sujeto una hora para que entregue el artefacto. Leer m\u00e1s<\/p>\n","protected":false},"author":0,"featured_media":0,"comment_status":"","ping_status":"","sticky":false,"template":"","format":"standard","meta":{"footnotes":""},"categories":[1],"tags":[],"class_list":["post-37422","post","type-post","status-publish","format-standard","hentry","category-sin-categoria"],"_links":{"self":[{"href":"http:\/\/fmdelpueblo.ar\/index.php?rest_route=\/wp\/v2\/posts\/37422","targetHints":{"allow":["GET"]}}],"collection":[{"href":"http:\/\/fmdelpueblo.ar\/index.php?rest_route=\/wp\/v2\/posts"}],"about":[{"href":"http:\/\/fmdelpueblo.ar\/index.php?rest_route=\/wp\/v2\/types\/post"}],"replies":[{"embeddable":true,"href":"http:\/\/fmdelpueblo.ar\/index.php?rest_route=%2Fwp%2Fv2%2Fcomments&post=37422"}],"version-history":[{"count":0,"href":"http:\/\/fmdelpueblo.ar\/index.php?rest_route=\/wp\/v2\/posts\/37422\/revisions"}],"wp:attachment":[{"href":"http:\/\/fmdelpueblo.ar\/index.php?rest_route=%2Fwp%2Fv2%2Fmedia&parent=37422"}],"wp:term":[{"taxonomy":"category","embeddable":true,"href":"http:\/\/fmdelpueblo.ar\/index.php?rest_route=%2Fwp%2Fv2%2Fcategories&post=37422"},{"taxonomy":"post_tag","embeddable":true,"href":"http:\/\/fmdelpueblo.ar\/index.php?rest_route=%2Fwp%2Fv2%2Ftags&post=37422"}],"curies":[{"name":"wp","href":"https:\/\/api.w.org\/{rel}","templated":true}]}}